{"id":14042,"date":"2021-03-23T13:21:49","date_gmt":"2021-03-23T13:21:49","guid":{"rendered":"https:\/\/oparanews.com.br\/?p=14042"},"modified":"2021-03-23T13:21:49","modified_gmt":"2021-03-23T13:21:49","slug":"bolsonaro-sanciona-lei-que-define-visao-monocular-como-deficiencia","status":"publish","type":"post","link":"https:\/\/www.oparanews.com.br\/index.php\/2021\/03\/23\/bolsonaro-sanciona-lei-que-define-visao-monocular-como-deficiencia\/","title":{"rendered":"Bolsonaro sanciona lei que define vis\u00e3o monocular como defici\u00eancia"},"content":{"rendered":"<p>O presidente Jair Bolsonaro sancionou nesta segunda-feira (22), em cerim\u00f4nia no Pal\u00e1cio do Planalto, a lei que classifica a vis\u00e3o monocular como defici\u00eancia sensorial, do tipo visual, estendendo aos seus portadores todos os benef\u00edcios previstos na legisla\u00e7\u00e3o da pessoa com defici\u00eancia visual.<\/p>\n<p>De acordo com a Organiza\u00e7\u00e3o Mundial da Sa\u00fade (OMS), a vis\u00e3o monocular \u00e9 caracterizada quando a pessoa tem vis\u00e3o igual ou inferior a 20% em um dos olhos, e mant\u00e9m vis\u00e3o normal no outro olho. Quem possui essa defici\u00eancia tem dificuldades com no\u00e7\u00f5es de dist\u00e2ncia, profundidade e espa\u00e7o, o que pode impactar na coordena\u00e7\u00e3o motora e no equil\u00edbrio.<\/p>\n<p>O texto \u00e9 fruto do Projeto de Lei (PL) 1.615\/2019, de autoria do senador Rog\u00e9rio Carvalho (PT-SE), que tem vis\u00e3o monocular. Aprovado no Senado ainda em 2019, o PL s\u00f3 teve tramita\u00e7\u00e3o conclu\u00edda na C\u00e2mara no \u00faltimo dia 2 de mar\u00e7o.<\/p>\n<p>Antes da aprova\u00e7\u00e3o desse projeto de lei, a vis\u00e3o monocular n\u00e3o era considerada defici\u00eancia por lei federal, mas j\u00e1 era classificada como defici\u00eancia visual para fins de aplica\u00e7\u00e3o da Lei de Cotas e para disputas em concursos p\u00fablicos com vagas reservadas a deficientes. Monoculares tamb\u00e9m tinham limita\u00e7\u00e3o legal para desempenhar determinadas profiss\u00f5es, como dirigir carros de aplicativo, caminh\u00f5es e \u00f4nibus ou pilotar aeronaves.<\/p>\n<p>Entre as causas mais comuns dessa defici\u00eancia, est\u00e3o algumas doen\u00e7as cong\u00eanitas, como toxoplasmose, glaucoma, doen\u00e7as da retina ou da c\u00f3rnea, tumores intraoculares e os traumatismos oculares.<\/p>\n<p>Com sua inclus\u00e3o no rol de defici\u00eancias, os portadores de vis\u00e3o monocular poder\u00e3o ter acesso a benef\u00edcios previdenci\u00e1rios, como aposentadoria por invalidez, e isen\u00e7\u00f5es tribut\u00e1rias na compra de autom\u00f3veis e outros equipamentos.<\/p>\n<p>A nova lei ainda assegura aos monoculares o acesso gratuito, por meio do Sistema \u00danico de Sa\u00fade (SUS), a medicamentos e pr\u00f3teses.<\/p>\n<p>Al\u00e9m da san\u00e7\u00e3o da lei, o presidente editou o decreto que regulamenta sua aplica\u00e7\u00e3o, incluindo a previs\u00e3o de que os deficientes monoculares dever\u00e3o passar por avalia\u00e7\u00e3o a fim de verificar a situa\u00e7\u00e3o incapacitante, com o objetivo de reconhecimento da defici\u00eancia, por meio de avalia\u00e7\u00e3o biopsicossocial por equipe multiprofissional e interdisciplinar.<\/p>\n<p>&nbsp;<\/p>\n<p><strong>Fonte: Ag\u00eancia Brasil<\/strong><\/p>\n<p>&nbsp;<\/p>\n","protected":false},"excerpt":{"rendered":"<p>O presidente Jair Bolsonaro sancionou nesta segunda-feira (22), em cerim\u00f4nia no Pal\u00e1cio do Planalto, a lei que classifica a vis\u00e3o monocular como defici\u00eancia sensorial, do tipo visual, estendendo aos seus portadores todos os benef\u00edcios previstos na legisla\u00e7\u00e3o da pessoa com defici\u00eancia visual. De acordo com a Organiza\u00e7\u00e3o Mundial da Sa\u00fade (OMS), a vis\u00e3o monocular \u00e9 &hellip;<\/p>\n","protected":false},"author":1,"featured_media":14043,"comment_status":"closed","ping_status":"closed","sticky":false,"template":"","format":"standard","meta":{"_jetpack_newsletter_access":"","_jetpack_dont_email_post_to_subs":false,"_jetpack_newsletter_tier_id":0,"_jetpack_memberships_contains_paywalled_content":false,"_jetpack_memberships_contains_paid_content":false,"footnotes":""},"categories":[1],"tags":[],"class_list":["post-14042","post","type-post","status-publish","format-standard","has-post-thumbnail","hentry","category-destaque"],"jetpack_sharing_enabled":true,"jetpack_featured_media_url":"","_links":{"self":[{"href":"https:\/\/www.oparanews.com.br\/index.php\/wp-json\/wp\/v2\/posts\/14042","targetHints":{"allow":["GET"]}}],"collection":[{"href":"https:\/\/www.oparanews.com.br\/index.php\/wp-json\/wp\/v2\/posts"}],"about":[{"href":"https:\/\/www.oparanews.com.br\/index.php\/wp-json\/wp\/v2\/types\/post"}],"author":[{"embeddable":true,"href":"https:\/\/www.oparanews.com.br\/index.php\/wp-json\/wp\/v2\/users\/1"}],"replies":[{"embeddable":true,"href":"https:\/\/www.oparanews.com.br\/index.php\/wp-json\/wp\/v2\/comments?post=14042"}],"version-history":[{"count":0,"href":"https:\/\/www.oparanews.com.br\/index.php\/wp-json\/wp\/v2\/posts\/14042\/revisions"}],"wp:attachment":[{"href":"https:\/\/www.oparanews.com.br\/index.php\/wp-json\/wp\/v2\/media?parent=14042"}],"wp:term":[{"taxonomy":"category","embeddable":true,"href":"https:\/\/www.oparanews.com.br\/index.php\/wp-json\/wp\/v2\/categories?post=14042"},{"taxonomy":"post_tag","embeddable":true,"href":"https:\/\/www.oparanews.com.br\/index.php\/wp-json\/wp\/v2\/tags?post=14042"}],"curies":[{"name":"wp","href":"https:\/\/api.w.org\/{rel}","templated":true}]}}