{"id":14045,"date":"2021-03-23T16:35:57","date_gmt":"2021-03-23T16:35:57","guid":{"rendered":"https:\/\/oparanews.com.br\/?p=14045"},"modified":"2021-03-23T16:35:57","modified_gmt":"2021-03-23T16:35:57","slug":"prefeitura-de-penedo-transporta-idosos-da-zona-rural-para-receber-vacina-contra-covid","status":"publish","type":"post","link":"https:\/\/www.oparanews.com.br\/index.php\/2021\/03\/23\/prefeitura-de-penedo-transporta-idosos-da-zona-rural-para-receber-vacina-contra-covid\/","title":{"rendered":"Prefeitura de Penedo transporta idosos da zona rural para receber vacina contra Covid"},"content":{"rendered":"<p>A Prefeitura de Penedo facilita o acesso do morador da zona rural \u00e0 imuniza\u00e7\u00e3o contra o coronav\u00edrus.<\/p>\n<p>A partir desta quarta-feira, 24, pessoas com 68 anos ou mais ser\u00e3o transportados dos povoados at\u00e9 a Central de Vacina\u00e7\u00e3o instalada na cidade.<\/p>\n<p>Os primeiros beneficiados com a assist\u00eancia do governo Ronaldo Lopes\/Jo\u00e3o Lucas s\u00e3o os idosos que residem na Ponta Mofina e na Palmeira Alta.<\/p>\n<p>Na quinta-feira, 25, o transporte atender\u00e1 os moradores das comunidades Capela e Santa Margarida e na sexta-feira, 26, ser\u00e3o contemplados os idosos dos dois n\u00facleos da Cooperativa.<\/p>\n<p>Os \u00f4nibus disponibilizados para pegar e levar essas pessoas circular\u00e3o com metade da capacidade de lota\u00e7\u00e3o, conforme estabelece a Fase Vermelha do Plano de Distanciamento Social Controlado.<\/p>\n<p>Para assegurar que todos os grupos priorit\u00e1rios da zona rural recebam a vacina contra Covid-19, ser\u00e3o realizadas quantas viagens necess\u00e1rias para atender as faixas et\u00e1rias atendidas em Penedo.<\/p>\n<p>&nbsp;<\/p>\n<p><strong>Fonte: Decom &#8211; PMP<\/strong><\/p>\n<p>&nbsp;<\/p>\n","protected":false},"excerpt":{"rendered":"<p>A Prefeitura de Penedo facilita o acesso do morador da zona rural \u00e0 imuniza\u00e7\u00e3o contra o coronav\u00edrus. A partir desta quarta-feira, 24, pessoas com 68 anos ou mais ser\u00e3o transportados dos povoados at\u00e9 a Central de Vacina\u00e7\u00e3o instalada na cidade. Os primeiros beneficiados com a assist\u00eancia do governo Ronaldo Lopes\/Jo\u00e3o Lucas s\u00e3o os idosos que &hellip;<\/p>\n","protected":false},"author":1,"featured_media":14046,"comment_status":"closed","ping_status":"closed","sticky":false,"template":"","format":"standard","meta":{"_jetpack_newsletter_access":"","_jetpack_dont_email_post_to_subs":false,"_jetpack_newsletter_tier_id":0,"_jetpack_memberships_contains_paywalled_content":false,"_jetpack_memberships_contains_paid_content":false,"footnotes":""},"categories":[1],"tags":[],"class_list":["post-14045","post","type-post","status-publish","format-standard","has-post-thumbnail","hentry","category-destaque"],"jetpack_sharing_enabled":true,"jetpack_featured_media_url":"","_links":{"self":[{"href":"https:\/\/www.oparanews.com.br\/index.php\/wp-json\/wp\/v2\/posts\/14045","targetHints":{"allow":["GET"]}}],"collection":[{"href":"https:\/\/www.oparanews.com.br\/index.php\/wp-json\/wp\/v2\/posts"}],"about":[{"href":"https:\/\/www.oparanews.com.br\/index.php\/wp-json\/wp\/v2\/types\/post"}],"author":[{"embeddable":true,"href":"https:\/\/www.oparanews.com.br\/index.php\/wp-json\/wp\/v2\/users\/1"}],"replies":[{"embeddable":true,"href":"https:\/\/www.oparanews.com.br\/index.php\/wp-json\/wp\/v2\/comments?post=14045"}],"version-history":[{"count":0,"href":"https:\/\/www.oparanews.com.br\/index.php\/wp-json\/wp\/v2\/posts\/14045\/revisions"}],"wp:attachment":[{"href":"https:\/\/www.oparanews.com.br\/index.php\/wp-json\/wp\/v2\/media?parent=14045"}],"wp:term":[{"taxonomy":"category","embeddable":true,"href":"https:\/\/www.oparanews.com.br\/index.php\/wp-json\/wp\/v2\/categories?post=14045"},{"taxonomy":"post_tag","embeddable":true,"href":"https:\/\/www.oparanews.com.br\/index.php\/wp-json\/wp\/v2\/tags?post=14045"}],"curies":[{"name":"wp","href":"https:\/\/api.w.org\/{rel}","templated":true}]}}