{"id":14051,"date":"2021-03-24T00:45:03","date_gmt":"2021-03-24T00:45:03","guid":{"rendered":"https:\/\/oparanews.com.br\/?p=14051"},"modified":"2021-03-24T00:45:03","modified_gmt":"2021-03-24T00:45:03","slug":"brasil-registra-mais-de-3-mil-mortes-por-covid-em-um-dia","status":"publish","type":"post","link":"https:\/\/www.oparanews.com.br\/index.php\/2021\/03\/24\/brasil-registra-mais-de-3-mil-mortes-por-covid-em-um-dia\/","title":{"rendered":"Brasil registra mais de 3 mil mortes por Covid em um dia"},"content":{"rendered":"<p>O Brasil bateu mais uma triste marca na pandemia nesta ter\u00e7a-feira (23), registrando mais de 3 mil mortes por Covid em um dia pela primeira vez. Foram 3.158 mortes pela doen\u00e7a nas \u00faltimas 24 horas, totalizando 298.843 \u00f3bitos desde o in\u00edcio da pandemia. Com isso, a m\u00e9dia m\u00f3vel de mortes no pa\u00eds nos \u00faltimos 7 dias chegou a 2.349, mais um recorde no \u00edndice. Em compara\u00e7\u00e3o \u00e0 m\u00e9dia de 14 dias atr\u00e1s, a varia\u00e7\u00e3o foi de +43%, indicando tend\u00eancia de alta nos \u00f3bitos pela doen\u00e7a.<\/p>\n<p>\u00c9 o que mostra novo levantamento do cons\u00f3rcio de ve\u00edculos de imprensa sobre a situa\u00e7\u00e3o da pandemia de coronav\u00edrus no Brasil a partir de dados das secretarias estaduais de Sa\u00fade, consolidados \u00e0s 20h de ter\u00e7a.<\/p>\n<p>J\u00e1 s\u00e3o 62 dias seguidos com a m\u00e9dia m\u00f3vel de mortes acima da marca de 1 mil; pelo d\u00e9cimo sexto dia a marca aparece acima de 1,5 mil; e o pa\u00eds completa agora uma semana com essa m\u00e9dia acima da marca dos 2 mil mortos por dia. Foram 25 recordes seguidos nesse \u00edndice, registrados de 27 de fevereiro at\u00e9 aqui.<\/p>\n<p>Veja a sequ\u00eancia da \u00faltima semana na m\u00e9dia m\u00f3vel:<\/p>\n<p>Quarta (17): 2.031 (recorde)<br \/>\nQuinta (18): 2.096 (recorde)<br \/>\nSexta (19): 2.178 (recorde)<br \/>\nS\u00e1bado (20): 2.234 (recorde)<br \/>\nDomingo (21): 2.255 (recorde)<br \/>\nSegunda (22): 2.298 (recorde)<br \/>\nTer\u00e7a (23): 2.349 (recorde)<\/p>\n<p>Em casos confirmados, desde o come\u00e7o da pandemia 12.136.615 brasileiros j\u00e1 tiveram ou t\u00eam o novo coronav\u00edrus, com 84.996 desses confirmados no \u00faltimo dia. A m\u00e9dia m\u00f3vel nos \u00faltimos 7 dias foi de 75.288 novos diagn\u00f3sticos por dia &#8211;sexto recorde seguido nessa m\u00e9dia. Isso representa uma varia\u00e7\u00e3o de +9% em rela\u00e7\u00e3o aos casos registrados em duas semanas, o que indica tend\u00eancia de estabilidade nos diagn\u00f3sticos.<\/p>\n<p>Dezenove estados e o Distrito Federal est\u00e3o com alta nas mortes: PR, RS, SC, ES, MG, RJ, SP, DF, GO, MS, MT, AP, TO, AL, BA, PB, PE, PI, RN e SE.<\/p>\n<p>&nbsp;<\/p>\n<p><strong>Fonte: Globo.com<\/strong><\/p>\n<p>&nbsp;<\/p>\n","protected":false},"excerpt":{"rendered":"<p>O Brasil bateu mais uma triste marca na pandemia nesta ter\u00e7a-feira (23), registrando mais de 3 mil mortes por Covid em um dia pela primeira vez. Foram 3.158 mortes pela doen\u00e7a nas \u00faltimas 24 horas, totalizando 298.843 \u00f3bitos desde o in\u00edcio da pandemia. Com isso, a m\u00e9dia m\u00f3vel de mortes no pa\u00eds nos \u00faltimos 7 &hellip;<\/p>\n","protected":false},"author":1,"featured_media":14052,"comment_status":"closed","ping_status":"closed","sticky":false,"template":"","format":"standard","meta":{"_jetpack_newsletter_access":"","_jetpack_dont_email_post_to_subs":false,"_jetpack_newsletter_tier_id":0,"_jetpack_memberships_contains_paywalled_content":false,"_jetpack_memberships_contains_paid_content":false,"footnotes":""},"categories":[1],"tags":[],"class_list":["post-14051","post","type-post","status-publish","format-standard","has-post-thumbnail","hentry","category-destaque"],"jetpack_sharing_enabled":true,"jetpack_featured_media_url":"","_links":{"self":[{"href":"https:\/\/www.oparanews.com.br\/index.php\/wp-json\/wp\/v2\/posts\/14051","targetHints":{"allow":["GET"]}}],"collection":[{"href":"https:\/\/www.oparanews.com.br\/index.php\/wp-json\/wp\/v2\/posts"}],"about":[{"href":"https:\/\/www.oparanews.com.br\/index.php\/wp-json\/wp\/v2\/types\/post"}],"author":[{"embeddable":true,"href":"https:\/\/www.oparanews.com.br\/index.php\/wp-json\/wp\/v2\/users\/1"}],"replies":[{"embeddable":true,"href":"https:\/\/www.oparanews.com.br\/index.php\/wp-json\/wp\/v2\/comments?post=14051"}],"version-history":[{"count":0,"href":"https:\/\/www.oparanews.com.br\/index.php\/wp-json\/wp\/v2\/posts\/14051\/revisions"}],"wp:attachment":[{"href":"https:\/\/www.oparanews.com.br\/index.php\/wp-json\/wp\/v2\/media?parent=14051"}],"wp:term":[{"taxonomy":"category","embeddable":true,"href":"https:\/\/www.oparanews.com.br\/index.php\/wp-json\/wp\/v2\/categories?post=14051"},{"taxonomy":"post_tag","embeddable":true,"href":"https:\/\/www.oparanews.com.br\/index.php\/wp-json\/wp\/v2\/tags?post=14051"}],"curies":[{"name":"wp","href":"https:\/\/api.w.org\/{rel}","templated":true}]}}