{"id":14057,"date":"2021-03-24T10:58:41","date_gmt":"2021-03-24T10:58:41","guid":{"rendered":"https:\/\/oparanews.com.br\/?p=14057"},"modified":"2021-03-24T10:58:41","modified_gmt":"2021-03-24T10:58:41","slug":"semed-penedo-adota-novas-estrategias-para-distribuicao-dos-kits-de-merenda-escolar","status":"publish","type":"post","link":"https:\/\/www.oparanews.com.br\/index.php\/2021\/03\/24\/semed-penedo-adota-novas-estrategias-para-distribuicao-dos-kits-de-merenda-escolar\/","title":{"rendered":"Semed Penedo adota novas estrat\u00e9gias para distribui\u00e7\u00e3o dos kits de merenda escolar"},"content":{"rendered":"<p>A distribui\u00e7\u00e3o dos kits de merenda escolar em Penedo, pela Secretaria Municipal de Educa\u00e7\u00e3o (SEMED), foi adaptada para atender aos protocolos sanit\u00e1rios da Fase Vermelha do Plano de Distanciamento Social Controlado em vigor.<\/p>\n<p>Para evitar aglomera\u00e7\u00e3o na entrega dos alimentos adquiridos por meio de chamada p\u00fablica, direto do produtor rural, a SEMED Penedo efetivou mudan\u00e7as no repasse dos itens utilizados na merenda escolar.<\/p>\n<p>Nesta quarta-feira, 24, pais ou respons\u00e1veis por estudantes da Escola Municipal Douglas Apratto Ten\u00f3rio ir\u00e3o pegar o kit na sede da Associa\u00e7\u00e3o dos Moradores do Bairro Santo Ant\u00f4nio (Barro Vermelho) em separado, por turmas, conforme a escala que segue abaixo:<\/p>\n<p>Educa\u00e7\u00e3o Infantil (Maternal e Jardim I, II e III) \u2013 das 9h \u00e0s 10h30<\/p>\n<p>Do 1\u00ba ao 3 ano do Ensino Fundamental \u2013 das 10h30 \u00e0s 11h30<\/p>\n<p>Do 4\u00ba ao 5\u00ba ano do Ensino Fundamental \u2013 das 11h30 \u00e0s 13h30 horas<\/p>\n<p>Do 6\u00ba ao 7\u00ba ano do Ensino Fundamental \u2013 das 13h30 \u00e0s 15 horas<\/p>\n<p>Do 8\u00ba ao 9\u00ba ano do Ensino Fundamental \u2013 das 15h \u00e0s 16h30<\/p>\n<p>A SEMED Penedo pede aos pais ou respons\u00e1veis evitar atraso e seguir a escala que tamb\u00e9m est\u00e1 sendo repassada pela dire\u00e7\u00e3o da unidade de ensino. O uso de m\u00e1scara \u00e9 obrigat\u00f3rio, inclusive em ambiente p\u00fablico, observando ainda a necessidade do distanciamento social para minimizar a dissemina\u00e7\u00e3o do coronav\u00edrus.<\/p>\n<p><strong>Escola Municipal Paulo VI<\/strong><\/p>\n<p>J\u00e1 a dire\u00e7\u00e3o da Escola Municipal Paulo VI \u2013 situada na comunidade Cooperativa 2\u00ba N\u00facleo \u2013 adotou outra metodologia. Os kits ser\u00e3o entregues nas comunidades onde os estudantes residem, com apoio log\u00edstico da gest\u00e3o Crescendo Com Seu Povo.<\/p>\n<p>Este trabalho ter\u00e1 in\u00edcio amanh\u00e3 (quarta-feira, 24), saindo da Escola Paulo VI \u00e0s 13 horas, com sentido ao povoado Manimbu, onde a distribui\u00e7\u00e3o ser\u00e1 feita pr\u00f3ximo da capela.<\/p>\n<p>Em seguida, a equipe da unidade de ensino com melhor IDEB 2019 da rede p\u00fablica municipal segue para o Campo Grande, onde a entrega acontece na casa da sra. Rosana.<\/p>\n<p>Por fim, a distribui\u00e7\u00e3o na Cooperativa 1\u00ba N\u00facleo ser\u00e1 feita na sede da entidade que d\u00e1 nome ao povoado e na unidade de ensino aos moradores da Cooperativa 2\u00ba N\u00facleo.<\/p>\n<p><strong>Escola Municipal C\u00f4nego Teot\u00f4nio Ribeiro<\/strong><\/p>\n<p>A terceira unidade de ensino da Semed Penedo que distribuir\u00e1 kits da merenda escolar nesta quarta-feira, 24, vai pegar os pais ou respons\u00e1veis nas comunidades pr\u00f3ximas e lev\u00e1-los at\u00e9 a unidade de ensino situada no povoado Murici.<\/p>\n<p>Assim, todos os estudantes matriculados na Escola Municipal C\u00f4nego Teot\u00f4nio Ribeiro tamb\u00e9m receber\u00e3o os alimentos que iriam para a lata do lixo se n\u00e3o houvesse o compromisso do governo Ronaldo Lopes\/Jo\u00e3o Lucas em atender as comunidades mais necessitadas de Penedo.<\/p>\n<p>A estrat\u00e9gia da C\u00f4nego Ribeiro come\u00e7a pegando os pais ou respons\u00e1veis pelos estudantes que residem na Marituba do Peixe. Enquanto a distribui\u00e7\u00e3o estiver sendo feita na escola, o ve\u00edculo j\u00e1 estar\u00e1 a caminho do povoado Capela e Riacho do Pedro para fazer a mesma manobra que ter\u00e1 continuidade durante todo o dia, at\u00e9 que todos os kits sejam entregues, inclusive para quem reside no Murici.<\/p>\n<p>&nbsp;<\/p>\n<p><strong>por Fernando Vin\u00edcius \u2013 Decom PMP<\/strong><\/p>\n<p>&nbsp;<\/p>\n","protected":false},"excerpt":{"rendered":"<p>A distribui\u00e7\u00e3o dos kits de merenda escolar em Penedo, pela Secretaria Municipal de Educa\u00e7\u00e3o (SEMED), foi adaptada para atender aos protocolos sanit\u00e1rios da Fase Vermelha do Plano de Distanciamento Social Controlado em vigor. Para evitar aglomera\u00e7\u00e3o na entrega dos alimentos adquiridos por meio de chamada p\u00fablica, direto do produtor rural, a SEMED Penedo efetivou mudan\u00e7as &hellip;<\/p>\n","protected":false},"author":1,"featured_media":14058,"comment_status":"closed","ping_status":"closed","sticky":false,"template":"","format":"standard","meta":{"_jetpack_newsletter_access":"","_jetpack_dont_email_post_to_subs":false,"_jetpack_newsletter_tier_id":0,"_jetpack_memberships_contains_paywalled_content":false,"_jetpack_memberships_contains_paid_content":false,"footnotes":""},"categories":[1],"tags":[],"class_list":["post-14057","post","type-post","status-publish","format-standard","has-post-thumbnail","hentry","category-destaque"],"jetpack_sharing_enabled":true,"jetpack_featured_media_url":"","_links":{"self":[{"href":"https:\/\/www.oparanews.com.br\/index.php\/wp-json\/wp\/v2\/posts\/14057","targetHints":{"allow":["GET"]}}],"collection":[{"href":"https:\/\/www.oparanews.com.br\/index.php\/wp-json\/wp\/v2\/posts"}],"about":[{"href":"https:\/\/www.oparanews.com.br\/index.php\/wp-json\/wp\/v2\/types\/post"}],"author":[{"embeddable":true,"href":"https:\/\/www.oparanews.com.br\/index.php\/wp-json\/wp\/v2\/users\/1"}],"replies":[{"embeddable":true,"href":"https:\/\/www.oparanews.com.br\/index.php\/wp-json\/wp\/v2\/comments?post=14057"}],"version-history":[{"count":0,"href":"https:\/\/www.oparanews.com.br\/index.php\/wp-json\/wp\/v2\/posts\/14057\/revisions"}],"wp:attachment":[{"href":"https:\/\/www.oparanews.com.br\/index.php\/wp-json\/wp\/v2\/media?parent=14057"}],"wp:term":[{"taxonomy":"category","embeddable":true,"href":"https:\/\/www.oparanews.com.br\/index.php\/wp-json\/wp\/v2\/categories?post=14057"},{"taxonomy":"post_tag","embeddable":true,"href":"https:\/\/www.oparanews.com.br\/index.php\/wp-json\/wp\/v2\/tags?post=14057"}],"curies":[{"name":"wp","href":"https:\/\/api.w.org\/{rel}","templated":true}]}}