{"id":14066,"date":"2021-03-24T11:24:57","date_gmt":"2021-03-24T11:24:57","guid":{"rendered":"https:\/\/oparanews.com.br\/?p=14066"},"modified":"2021-03-24T11:24:57","modified_gmt":"2021-03-24T11:24:57","slug":"bbb21-carla-diaz-e-a-eliminada-com-4496","status":"publish","type":"post","link":"https:\/\/www.oparanews.com.br\/index.php\/2021\/03\/24\/bbb21-carla-diaz-e-a-eliminada-com-4496\/","title":{"rendered":"BBB21: Carla Diaz \u00e9 a eliminada com 44,96%"},"content":{"rendered":"<p>Esta ter\u00e7a-feira (23) foi dia de pared\u00e3o no Big Brother Brasil. A eliminada desta semana foi Carla Diaz, com 44,96% dos votos. Ela enfrentou a berlinda com Fiuk e Rodolffo.<\/p>\n<p>O momento foi de bastante como\u00e7\u00e3o entre os participantes, principalmente Arthur, que ficou acabado com a sa\u00edda da companheira de confinamento.<\/p>\n<p>&nbsp;<\/p>\n<p><strong>Fonte: ISTO\u00c9<\/strong><\/p>\n<p>&nbsp;<\/p>\n","protected":false},"excerpt":{"rendered":"<p>Esta ter\u00e7a-feira (23) foi dia de pared\u00e3o no Big Brother Brasil. A eliminada desta semana foi Carla Diaz, com 44,96% dos votos. Ela enfrentou a berlinda com Fiuk e Rodolffo. O momento foi de bastante como\u00e7\u00e3o entre os participantes, principalmente Arthur, que ficou acabado com a sa\u00edda da companheira de confinamento. &nbsp; Fonte: ISTO\u00c9 &nbsp;<\/p>\n","protected":false},"author":1,"featured_media":14067,"comment_status":"closed","ping_status":"closed","sticky":false,"template":"","format":"standard","meta":{"_jetpack_newsletter_access":"","_jetpack_dont_email_post_to_subs":false,"_jetpack_newsletter_tier_id":0,"_jetpack_memberships_contains_paywalled_content":false,"_jetpack_memberships_contains_paid_content":false,"footnotes":""},"categories":[1],"tags":[],"class_list":["post-14066","post","type-post","status-publish","format-standard","has-post-thumbnail","hentry","category-destaque"],"jetpack_sharing_enabled":true,"jetpack_featured_media_url":"","_links":{"self":[{"href":"https:\/\/www.oparanews.com.br\/index.php\/wp-json\/wp\/v2\/posts\/14066","targetHints":{"allow":["GET"]}}],"collection":[{"href":"https:\/\/www.oparanews.com.br\/index.php\/wp-json\/wp\/v2\/posts"}],"about":[{"href":"https:\/\/www.oparanews.com.br\/index.php\/wp-json\/wp\/v2\/types\/post"}],"author":[{"embeddable":true,"href":"https:\/\/www.oparanews.com.br\/index.php\/wp-json\/wp\/v2\/users\/1"}],"replies":[{"embeddable":true,"href":"https:\/\/www.oparanews.com.br\/index.php\/wp-json\/wp\/v2\/comments?post=14066"}],"version-history":[{"count":0,"href":"https:\/\/www.oparanews.com.br\/index.php\/wp-json\/wp\/v2\/posts\/14066\/revisions"}],"wp:attachment":[{"href":"https:\/\/www.oparanews.com.br\/index.php\/wp-json\/wp\/v2\/media?parent=14066"}],"wp:term":[{"taxonomy":"category","embeddable":true,"href":"https:\/\/www.oparanews.com.br\/index.php\/wp-json\/wp\/v2\/categories?post=14066"},{"taxonomy":"post_tag","embeddable":true,"href":"https:\/\/www.oparanews.com.br\/index.php\/wp-json\/wp\/v2\/tags?post=14066"}],"curies":[{"name":"wp","href":"https:\/\/api.w.org\/{rel}","templated":true}]}}