{"id":14075,"date":"2021-03-24T11:40:21","date_gmt":"2021-03-24T11:40:21","guid":{"rendered":"https:\/\/oparanews.com.br\/?p=14075"},"modified":"2021-03-24T11:40:21","modified_gmt":"2021-03-24T11:40:21","slug":"geraldo-luis-revela-que-perdeu-movimentos-da-perna-apos-covid","status":"publish","type":"post","link":"https:\/\/www.oparanews.com.br\/index.php\/2021\/03\/24\/geraldo-luis-revela-que-perdeu-movimentos-da-perna-apos-covid\/","title":{"rendered":"Geraldo Lu\u00eds revela que perdeu movimentos da perna ap\u00f3s covid"},"content":{"rendered":"<p>Geraldo Lu\u00eds decidiu usar o seu perfil do Instagram, nesta ter\u00e7a-feira (23), para comentar sobre os perigos da covid-19. A mensagem acaba sendo um alerta aos que n\u00e3o acreditam na doen\u00e7a, que fez com que o famoso ficasse 22 dias internado.<\/p>\n<p>No Stories da rede social, o apresentador do A Noite \u00e9 Nossa, na Record, exibiu o tratamento que tem feito para se recuperar das sequelas da doen\u00e7a, como a fisioterapia para recuperar os movimentos da perna direita.<\/p>\n<p>\u201cPerdi movimentos (da) perna direita. Agora s\u00f3 a fisioterapia. Isso \u00e9 covid\u201d, afirmou o famoso na legenda da foto. Na imagem, ele aparece sendo acompanhado por um m\u00e9dico em tratamento.<\/p>\n<p>J\u00e1 na timeline, Geraldo Lu\u00eds postou uma foto sobre o atual momento em que vive e declarou: \u201cO poder de viver, voltar a respirar sem oxig\u00eanio. A gra\u00e7a de voltar e viver o que vivo. A covid-19 entrou aqui, judiou, deixou sequelas, mas foi embora\u201d.<\/p>\n<p>\u201cSou mais um milagre dos c\u00e9us, que a mim concedeu mais um tempo de vida. S\u00f3 quem teve sabe\u201d, disse o jornalista.<\/p>\n<p>&nbsp;<\/p>\n<p><strong>Fonte: RD1<\/strong><\/p>\n<p>&nbsp;<\/p>\n","protected":false},"excerpt":{"rendered":"<p>Geraldo Lu\u00eds decidiu usar o seu perfil do Instagram, nesta ter\u00e7a-feira (23), para comentar sobre os perigos da covid-19. A mensagem acaba sendo um alerta aos que n\u00e3o acreditam na doen\u00e7a, que fez com que o famoso ficasse 22 dias internado. No Stories da rede social, o apresentador do A Noite \u00e9 Nossa, na Record, &hellip;<\/p>\n","protected":false},"author":1,"featured_media":14076,"comment_status":"closed","ping_status":"closed","sticky":false,"template":"","format":"standard","meta":{"_jetpack_newsletter_access":"","_jetpack_dont_email_post_to_subs":false,"_jetpack_newsletter_tier_id":0,"_jetpack_memberships_contains_paywalled_content":false,"_jetpack_memberships_contains_paid_content":false,"footnotes":""},"categories":[1],"tags":[],"class_list":["post-14075","post","type-post","status-publish","format-standard","has-post-thumbnail","hentry","category-destaque"],"jetpack_sharing_enabled":true,"jetpack_featured_media_url":"","_links":{"self":[{"href":"https:\/\/www.oparanews.com.br\/index.php\/wp-json\/wp\/v2\/posts\/14075","targetHints":{"allow":["GET"]}}],"collection":[{"href":"https:\/\/www.oparanews.com.br\/index.php\/wp-json\/wp\/v2\/posts"}],"about":[{"href":"https:\/\/www.oparanews.com.br\/index.php\/wp-json\/wp\/v2\/types\/post"}],"author":[{"embeddable":true,"href":"https:\/\/www.oparanews.com.br\/index.php\/wp-json\/wp\/v2\/users\/1"}],"replies":[{"embeddable":true,"href":"https:\/\/www.oparanews.com.br\/index.php\/wp-json\/wp\/v2\/comments?post=14075"}],"version-history":[{"count":0,"href":"https:\/\/www.oparanews.com.br\/index.php\/wp-json\/wp\/v2\/posts\/14075\/revisions"}],"wp:attachment":[{"href":"https:\/\/www.oparanews.com.br\/index.php\/wp-json\/wp\/v2\/media?parent=14075"}],"wp:term":[{"taxonomy":"category","embeddable":true,"href":"https:\/\/www.oparanews.com.br\/index.php\/wp-json\/wp\/v2\/categories?post=14075"},{"taxonomy":"post_tag","embeddable":true,"href":"https:\/\/www.oparanews.com.br\/index.php\/wp-json\/wp\/v2\/tags?post=14075"}],"curies":[{"name":"wp","href":"https:\/\/api.w.org\/{rel}","templated":true}]}}