{"id":14078,"date":"2021-03-24T11:46:26","date_gmt":"2021-03-24T11:46:26","guid":{"rendered":"https:\/\/oparanews.com.br\/?p=14078"},"modified":"2021-03-24T11:46:26","modified_gmt":"2021-03-24T11:46:26","slug":"caso-roberta-dias-conseg-arquiva-processo-que-apurava-sumico-e-assassinato-de-jovem","status":"publish","type":"post","link":"https:\/\/www.oparanews.com.br\/index.php\/2021\/03\/24\/caso-roberta-dias-conseg-arquiva-processo-que-apurava-sumico-e-assassinato-de-jovem\/","title":{"rendered":"Caso Roberta Dias: Conseg arquiva processo que apurava sumi\u00e7o e assassinato de jovem"},"content":{"rendered":"<p>O Conselho Estadual de Seguran\u00e7a P\u00fablica (Conseg) arquivou o processo que tramitava no colegiado e que tinha como prop\u00f3sito a apura\u00e7\u00e3o do desaparecimento e o prov\u00e1vel assassinato da jovem penedense Roberta Costa Dias. O ac\u00f3rd\u00e3o contendo a medida est\u00e1 publicado na edi\u00e7\u00e3o desta quarta-feira (24), do Di\u00e1rio Oficial do Estado (DOE).<\/p>\n<p>Os conselheiros entenderam que, pela conclus\u00e3o do inqu\u00e9rito neste sentido, por parte da Pol\u00edcia Civil (PC), e que o caso permanece em an\u00e1lise pelo Poder Judici\u00e1rio, n\u00e3o havia mais objeto de o Conseg sequenciar a investiga\u00e7\u00e3o.<\/p>\n<p>O \u00f3rg\u00e3o tinha aberto uma reclama\u00e7\u00e3o por provid\u00eancia, em 2018, para apurar as circunst\u00e2ncias que levaram ao sumi\u00e7o da jovem, ocorrido em 2012. Na sess\u00e3o ordin\u00e1ria virtual do colegiado, ocorrida no dia 24 de fevereiro de 2021, os integrantes decidiram pelo arquivamento do processo por unanimidade. Eles seguiram o entendimento do conselheiro-relator, M\u00e1rcio Roberto Ten\u00f3rio de Albuquerque, que \u00e9 procurador-geral de Justi\u00e7a de Alagoas.<\/p>\n<p>A decis\u00e3o pelo arquivamento, segundo o relator, concorda com o entendimento da Pol\u00edcia Civil, que concluiu o inqu\u00e9rito e o remeteu \u00e0 4\u00aa Vara Criminal de Penedo. A Pol\u00edcia Judici\u00e1ria demorou seis anos para fechar a investiga\u00e7\u00e3o de que houve homic\u00eddio qualificado.<\/p>\n<p><strong>DENUNCIADOS<\/strong><\/p>\n<p>\u00c0 \u00e9poca, o titular da 6\u00aa Promotoria de Justi\u00e7a em Penedo, Sitael Gomes Lemos, decidiu pela den\u00fancia de Mary Jane Ara\u00fajo Santos e Karlo Bruno Pereira Tavares, o \u201cBruninho\u201d. Eles responderiam, inicialmente em liberdade, pelos crimes de homic\u00eddio duplamente qualificado, oculta\u00e7\u00e3o de cad\u00e1ver e aborto provocado por terceiros. A Justi\u00e7a indeferiu o pedido de pris\u00e3o preventiva feito pelos delegados que conduziram o inqu\u00e9rito policial.<\/p>\n<p>Um terceiro acusado, com quem Roberta teria um relacionamento, n\u00e3o foi denunciado pelo MP, porque, \u00e0 \u00e9poca do crime, tinha menos de 18 anos e foi apresentado \u00e0 Vara da Inf\u00e2ncia e da Juventude.<\/p>\n<p><strong>ENTENDA O CASO<\/strong><\/p>\n<p>Roberta Dias desapareceu em 2012, ap\u00f3s sair de casa para fazer acompanhamento pr\u00e9-natal em um posto de sa\u00fade em Penedo. Ela tinha 18 anos e seu corpo nunca foi encontrado. As investiga\u00e7\u00f5es apontaram que o sumi\u00e7o estava relacionado \u00e0 gravidez da jovem.<\/p>\n<p>Ela queria, segundo a pol\u00edcia, que o companheiro assumisse a paternidade da crian\u00e7a, mas a fam\u00edlia dele seria contra. O inqu\u00e9rito policial concluiu, \u00e0 \u00e9poca, que a m\u00e3e do adolescente, Mary Jane, teria sido respons\u00e1vel pelo desaparecimento do neto dela.<\/p>\n<p>O caso teve uma reviravolta com a divulga\u00e7\u00e3o de um \u00e1udio em que Karlo Bruno confessava e dava detalhes de como assassinou Roberta Dias e escondeu o corpo, com a ajuda do pai da crian\u00e7a que ela esperava.<\/p>\n<p>&nbsp;<\/p>\n<p><strong>por Thiago Gomes\/Gazetaweb<\/strong><\/p>\n<p>&nbsp;<\/p>\n","protected":false},"excerpt":{"rendered":"<p>O Conselho Estadual de Seguran\u00e7a P\u00fablica (Conseg) arquivou o processo que tramitava no colegiado e que tinha como prop\u00f3sito a apura\u00e7\u00e3o do desaparecimento e o prov\u00e1vel assassinato da jovem penedense Roberta Costa Dias. O ac\u00f3rd\u00e3o contendo a medida est\u00e1 publicado na edi\u00e7\u00e3o desta quarta-feira (24), do Di\u00e1rio Oficial do Estado (DOE). Os conselheiros entenderam que, &hellip;<\/p>\n","protected":false},"author":1,"featured_media":14079,"comment_status":"closed","ping_status":"closed","sticky":false,"template":"","format":"standard","meta":{"_jetpack_newsletter_access":"","_jetpack_dont_email_post_to_subs":false,"_jetpack_newsletter_tier_id":0,"_jetpack_memberships_contains_paywalled_content":false,"_jetpack_memberships_contains_paid_content":false,"footnotes":""},"categories":[1],"tags":[],"class_list":["post-14078","post","type-post","status-publish","format-standard","has-post-thumbnail","hentry","category-destaque"],"jetpack_sharing_enabled":true,"jetpack_featured_media_url":"","_links":{"self":[{"href":"https:\/\/www.oparanews.com.br\/index.php\/wp-json\/wp\/v2\/posts\/14078","targetHints":{"allow":["GET"]}}],"collection":[{"href":"https:\/\/www.oparanews.com.br\/index.php\/wp-json\/wp\/v2\/posts"}],"about":[{"href":"https:\/\/www.oparanews.com.br\/index.php\/wp-json\/wp\/v2\/types\/post"}],"author":[{"embeddable":true,"href":"https:\/\/www.oparanews.com.br\/index.php\/wp-json\/wp\/v2\/users\/1"}],"replies":[{"embeddable":true,"href":"https:\/\/www.oparanews.com.br\/index.php\/wp-json\/wp\/v2\/comments?post=14078"}],"version-history":[{"count":0,"href":"https:\/\/www.oparanews.com.br\/index.php\/wp-json\/wp\/v2\/posts\/14078\/revisions"}],"wp:attachment":[{"href":"https:\/\/www.oparanews.com.br\/index.php\/wp-json\/wp\/v2\/media?parent=14078"}],"wp:term":[{"taxonomy":"category","embeddable":true,"href":"https:\/\/www.oparanews.com.br\/index.php\/wp-json\/wp\/v2\/categories?post=14078"},{"taxonomy":"post_tag","embeddable":true,"href":"https:\/\/www.oparanews.com.br\/index.php\/wp-json\/wp\/v2\/tags?post=14078"}],"curies":[{"name":"wp","href":"https:\/\/api.w.org\/{rel}","templated":true}]}}