{"id":14081,"date":"2021-03-24T18:32:01","date_gmt":"2021-03-24T18:32:01","guid":{"rendered":"https:\/\/oparanews.com.br\/?p=14081"},"modified":"2021-03-24T18:32:01","modified_gmt":"2021-03-24T18:32:01","slug":"deputados-aprovam-projeto-de-lei-que-torna-obrigatorio-uso-de-mascara-em-alagoas","status":"publish","type":"post","link":"https:\/\/www.oparanews.com.br\/index.php\/2021\/03\/24\/deputados-aprovam-projeto-de-lei-que-torna-obrigatorio-uso-de-mascara-em-alagoas\/","title":{"rendered":"Deputados aprovam projeto de lei que torna obrigat\u00f3rio uso de m\u00e1scara em Alagoas"},"content":{"rendered":"<p>Uma dia ap\u00f3s suspenderam a vota\u00e7\u00e3o, os deputados estaduais aprovaram, nesta quarta-feira (24), o projeto de lei que torna obrigat\u00f3rio o uso de m\u00e1scara em Alagoas. O projeto foi discutido e aprovado em duas sess\u00f5es extraordin\u00e1rias e ficou com nove emendas.<\/p>\n<p>Os deputados Cabo Bebeto (PTC), Antonio Albuquerque (PTB) e Bruno Toledo (PROS) votaram contra a mat\u00e9ria.<\/p>\n<p>As emendas priorizam a aplica\u00e7\u00e3o de advert\u00eancia, como forma de conscientiza\u00e7\u00e3o, antes da aplica\u00e7\u00e3o de multa, que n\u00e3o ser\u00e1 cobrada \u00e0s popula\u00e7\u00f5es vulner\u00e1veis economicamente.<\/p>\n<p>\u201cAs emendas trazem uma l\u00f3gica de conscientiza\u00e7\u00e3o. Antes de penalizar o cidad\u00e3o, o Estado precisa conscientizar e advertir e isso nasce da observa\u00e7\u00e3o que Alagoas infelizmente n\u00e3o prioriza investimentos em educa\u00e7\u00e3o h\u00e1 d\u00e9cadas. O cidad\u00e3o, j\u00e1 penalizado com essa falta de prioridade, n\u00e3o pode ser mais penalizado ainda\u201d, explicou a deputada J\u00f3 Pereira (MDB).<\/p>\n<p>\u201cNingu\u00e9m usa m\u00e1scara porque gosta, mas porque \u00e9 necess\u00e1rio. Precisamos deixar o inc\u00f4modo de lado pelo interesse coletivo. A m\u00e1scara hoje \u00e9 um equipamento de prote\u00e7\u00e3o individual e coletivo\u201d, disse.<\/p>\n<p><strong>Confira como o projeto ficou ap\u00f3s aprova\u00e7\u00e3o das nove emendas:<\/strong><\/p>\n<p><strong>Emenda supressiva : suprime do PL os incisos I e II e o par\u00e1grafo \u00fanico do artigo 4\u00ba do PL 386\/2020:<\/strong><\/p>\n<p>O inciso I falava em advert\u00eancia quando da primeira autua\u00e7\u00e3o da infra\u00e7\u00e3o, e o inciso II dizia da possibilidade de multa, que variava de R$ 1.000,00 at\u00e9 100.000,00, dependendo do porte do empreendimento e das circunst\u00e2ncias da infra\u00e7\u00e3o. O par\u00e1grafo \u00fanico tratava da reincid\u00eancia, com aplica\u00e7\u00e3o de multa em dobro.<\/p>\n<p><strong>Emenda aditiva: acresce ao par\u00e1grafo segundo do artigo 2\u00ba:<\/strong><\/p>\n<p>Nos estabelecimentos que tenham como atividade consumo de g\u00eaneros aliment\u00edcios e bebidas fica facultado ao consumidor o uso da m\u00e1scara enquanto estiver sentado em local reservado ao consumo, respeitando o distanciamento, devendo utiliz\u00e1-la sempre que se levantar.<\/p>\n<p><strong>Emenda aditiva: acrescenta ao artigo 3\u00ba, que passa a vigorar com a seguinte reda\u00e7\u00e3o:<\/strong><\/p>\n<p>Na regulamenta\u00e7\u00e3o deste dispositivo, o Poder Executivo dever\u00e1 observar a previs\u00e3o de advert\u00eancia antes da aplica\u00e7\u00e3o de san\u00e7\u00e3o pecuni\u00e1ria que ser\u00e1 gradativa, observando a condi\u00e7\u00e3o econ\u00f4mica do cidad\u00e3o e a reincid\u00eancia, e n\u00e3o poder\u00e1 ser superior a 18 UPFAL, visando \u00e0 conscientiza\u00e7\u00e3o da popula\u00e7\u00e3o da necessidade do uso de m\u00e1scara.<\/p>\n<p><strong>Emenda aditiva: acrescenta par\u00e1grafo ao artigo 3\u00ba:<\/strong><\/p>\n<p>A obriga\u00e7\u00e3o prevista no caput deste artigo ser\u00e1 dispensada no caso de pessoas com transtorno do espectro autista, com defici\u00eancia intelectual, defici\u00eancias sensoriais ou com quaisquer outras defici\u00eancias que as impe\u00e7am de fazer o uso adequado da m\u00e1scara de prote\u00e7\u00e3o facial, conforme declara\u00e7\u00e3o m\u00e9dica, que poder\u00e1 ser obtida por meio digital, bem como no caso de crian\u00e7as com menos de 3 anos de idade.<\/p>\n<p><strong>Emenda aditiva: acrescenta par\u00e1grafo ao artigo 3\u00ba:<\/strong><\/p>\n<p>Em nenhuma hip\u00f3tese ser\u00e1 ex\u00edgivel a cobran\u00e7a de multa pelo descumprimento da obriga\u00e7\u00e3o prevista no caput deste artigo \u00e0s popula\u00e7\u00f5es vulner\u00e1veis economicamente.<\/p>\n<p><strong>Emenda aditiva: acrescenta o Par\u00e1grafo \u00fanico ao artigo 4\u00ba:<\/strong><\/p>\n<p>Na regulamenta\u00e7\u00e3o deste dispositivo, o Poder Executivo dever\u00e1 observar a previs\u00e3o de advert\u00eancia antes da aplica\u00e7\u00e3o de san\u00e7\u00e3o pecuni\u00e1ria que n\u00e3o poder\u00e1 ser superior a 180 UPFAL.<\/p>\n<p><strong>Emenda modificativa: modifica o artigo 6\u00ba do Projeto de Lei Ordin\u00e1ria 386\/2020, que passa a vigorar com a seguinte reda\u00e7\u00e3o:<\/strong><\/p>\n<p>Art. 6\u00ba &#8211; Os recursos oriundos das penalidades previstas nesta Lei ser\u00e3o destinados \u00e0s a\u00e7\u00f5es de combate ao novo coronav\u00edrus, causador da COVID-19, preferencialmente em a\u00e7\u00f5es educativas e de suporte aos alagoanos mais vulner\u00e1veis para dar condi\u00e7\u00f5es materiais de cumprir a presente Lei.<\/p>\n<p><strong>Emenda modificativa: altera o artigo 3\u00ba do PL, para a seguinte reda\u00e7\u00e3o:<\/strong><\/p>\n<p>O cidad\u00e3o que descumprir a obrigatoriedade contida na presente lei estar\u00e1 sujeito a multa, na forma a ser definida em regulamento pelo Poder Executivo Estadual.<\/p>\n<p><strong>Emenda modificativa: altera o artigo 4\u00ba do PL, que passa a vigorar com a seguinte reda\u00e7\u00e3o:<\/strong><\/p>\n<p>Caber\u00e1 a imposi\u00e7\u00e3o de multa, na forma a ser regulamentada pelo Poder Executivo Estadual, ao estabelecimento p\u00fablico e\/ou privado que esteja em funcionamento durante a Situa\u00e7\u00e3o de Emerg\u00eancia causada pela pandemia no qual seja constatada a n\u00e3o utiliza\u00e7\u00e3o de m\u00e1scaras de prote\u00e7\u00e3o, profissionais, industriais ou caseiras, por seus funcion\u00e1rios durante a presta\u00e7\u00e3o de servi\u00e7o laboral.<\/p>\n<p>&nbsp;<\/p>\n<p><strong>Fonte: G1\/AL<\/strong><\/p>\n<p>&nbsp;<\/p>\n","protected":false},"excerpt":{"rendered":"<p>Uma dia ap\u00f3s suspenderam a vota\u00e7\u00e3o, os deputados estaduais aprovaram, nesta quarta-feira (24), o projeto de lei que torna obrigat\u00f3rio o uso de m\u00e1scara em Alagoas. O projeto foi discutido e aprovado em duas sess\u00f5es extraordin\u00e1rias e ficou com nove emendas. Os deputados Cabo Bebeto (PTC), Antonio Albuquerque (PTB) e Bruno Toledo (PROS) votaram contra &hellip;<\/p>\n","protected":false},"author":1,"featured_media":14082,"comment_status":"closed","ping_status":"closed","sticky":false,"template":"","format":"standard","meta":{"_jetpack_newsletter_access":"","_jetpack_dont_email_post_to_subs":false,"_jetpack_newsletter_tier_id":0,"_jetpack_memberships_contains_paywalled_content":false,"_jetpack_memberships_contains_paid_content":false,"footnotes":""},"categories":[1],"tags":[],"class_list":["post-14081","post","type-post","status-publish","format-standard","has-post-thumbnail","hentry","category-destaque"],"jetpack_sharing_enabled":true,"jetpack_featured_media_url":"","_links":{"self":[{"href":"https:\/\/www.oparanews.com.br\/index.php\/wp-json\/wp\/v2\/posts\/14081","targetHints":{"allow":["GET"]}}],"collection":[{"href":"https:\/\/www.oparanews.com.br\/index.php\/wp-json\/wp\/v2\/posts"}],"about":[{"href":"https:\/\/www.oparanews.com.br\/index.php\/wp-json\/wp\/v2\/types\/post"}],"author":[{"embeddable":true,"href":"https:\/\/www.oparanews.com.br\/index.php\/wp-json\/wp\/v2\/users\/1"}],"replies":[{"embeddable":true,"href":"https:\/\/www.oparanews.com.br\/index.php\/wp-json\/wp\/v2\/comments?post=14081"}],"version-history":[{"count":0,"href":"https:\/\/www.oparanews.com.br\/index.php\/wp-json\/wp\/v2\/posts\/14081\/revisions"}],"wp:attachment":[{"href":"https:\/\/www.oparanews.com.br\/index.php\/wp-json\/wp\/v2\/media?parent=14081"}],"wp:term":[{"taxonomy":"category","embeddable":true,"href":"https:\/\/www.oparanews.com.br\/index.php\/wp-json\/wp\/v2\/categories?post=14081"},{"taxonomy":"post_tag","embeddable":true,"href":"https:\/\/www.oparanews.com.br\/index.php\/wp-json\/wp\/v2\/tags?post=14081"}],"curies":[{"name":"wp","href":"https:\/\/api.w.org\/{rel}","templated":true}]}}