{"id":14090,"date":"2021-03-24T18:44:08","date_gmt":"2021-03-24T18:44:08","guid":{"rendered":"https:\/\/oparanews.com.br\/?p=14090"},"modified":"2021-03-24T18:44:08","modified_gmt":"2021-03-24T18:44:08","slug":"bolsonaro-cria-comite-anti-covid-apos-um-ano","status":"publish","type":"post","link":"https:\/\/www.oparanews.com.br\/index.php\/2021\/03\/24\/bolsonaro-cria-comite-anti-covid-apos-um-ano\/","title":{"rendered":"Bolsonaro cria comit\u00ea anti-Covid ap\u00f3s um ano"},"content":{"rendered":"<p>Ap\u00f3s reuni\u00e3o na resid\u00eancia oficial do Pal\u00e1cio da Alvorada com governadores, ministros e chefes de poderes, o presidente Jair Bolsonaro anunciou a cria\u00e7\u00e3o de um comit\u00ea em parceria com o Congresso para definir medidas de combate \u00e0 pandemia de Covid-19. Ainda de acordo com Bolsonaro, caber\u00e1 ao presidente do Senado, Rodrigo Pacheco (DEM-MG), levar ao comit\u00ea as demandas dos governadores.<\/p>\n<p>&#8220;Resolvemos, entre outras coisas, que ser\u00e1 criada uma coordena\u00e7\u00e3o junto aos governadores, com o senhor presidente do Senado Federal. Da nossa parte, um comit\u00ea que se reunir\u00e1 toda semana com autoridades para decidirmos ou redirecionarmos o rumo do combate ao coronav\u00edrus&#8221;, afirmou o presidente em um breve pronunciamento ap\u00f3s o encontro, ao lado dos governadores, ministros e chefes de poderes.<\/p>\n<p>O presidente disse tamb\u00e9m que, na reuni\u00e3o, discutiu o que ele chama de &#8220;tratamento precoce&#8221;. O m\u00e9todo prev\u00ea a utiliza\u00e7\u00e3o de medicamentos defendidos pelo presidente, mas que n\u00e3o t\u00eam efic\u00e1cia contra a Covid-19, de acordo com pesquisas cient\u00edficas internacionais.<\/p>\n<p>&#8220;Tratamos tamb\u00e9m de possibilidade de tratamento precoce. Isso fica a cargo do ministro da Sa\u00fade, que respeita o direito e o dever do m\u00e9dico off-label tratar os infectados&#8221;, argumentou Bolsonaro.<\/p>\n<p><strong>Vida &#8216;em primeiro lugar&#8217;<\/strong><\/p>\n<p>O presidente disse ainda que defende &#8220;a vida em primeiro lugar&#8221;. Desta vez, ao contr\u00e1rio de suas falas habituais, Bolsonaro n\u00e3o equiparou a manuten\u00e7\u00e3o de empregos \u00e0 vida na categoria de prioridade.<\/p>\n<p>A reuni\u00e3o entre Bolsonaro, governadores, ministros e chefes de poderes ocorre em um momento em que o Brasil chega perto da marca de 300 mil mortos por Covid-19, desde que a pandemia come\u00e7ou, h\u00e1 pouco mais de um ano.<\/p>\n<p>O pa\u00eds vive o momento mais grave da pandemia, com sucessivos recordes di\u00e1rios de n\u00famero de mortes e de novos casos. Os sistemas de sa\u00fade nos estados est\u00e3o sobrecarregados, com filas nas UTIs e amea\u00e7a de falta de oxig\u00eanio hospitalar e de insumos para intuba\u00e7\u00e3o de pacientes.<\/p>\n<p><strong>Isolamento social<\/strong><\/p>\n<p>Em nenhum momento de seu pronunciamento, Bolsonaro falou de medidas de isolamento social, defendidas por especialistas como fundamentais para conter o descontrole do cont\u00e1gio, como \u00e9 o caso atual da pandemia no Brasil.<\/p>\n<p>Bolsonaro \u00e9 um cr\u00edtico de medidas de isolamento adotadas nos estados e, nos \u00faltimos dias, tentou, sem sucesso, barrar algumas delas na Justi\u00e7a.<\/p>\n<p>O tema do isolamento, no entanto, foi defendido pelo governador de Goi\u00e1s, Ronaldo Caiado (DEM), que tamb\u00e9m fez um pronunciamento ap\u00f3s a reuni\u00e3o. Ao lado de Bolsonaro, ele ressaltou a import\u00e2ncia de restringir a circula\u00e7\u00e3o de pessoas.<\/p>\n<p>&#8220;Pedir a todos que entendam que em situa\u00e7\u00f5es delicadas e cr\u00edticas muitas vezes se faz necess\u00e1rio o isolamento social&#8221;, disse o governador.<\/p>\n<p>Os governadores presentes \u00e0 reuni\u00e3o n\u00e3o s\u00e3o opositores declarados do presidente. Al\u00e9m de Caiado, participaram Wilson Lima (Amazonas), Romeu Zema (Minas Gerais), Ratinho J\u00fanior (Paran\u00e1), Marcos Rocha (Rond\u00f4nia), Renan Filho (Alagoas).<\/p>\n<p><strong>Vacina\u00e7\u00e3o<\/strong><\/p>\n<p>Em sua fala, o ministro da Sa\u00fade, Marcelo Queiroga, disse que a articula\u00e7\u00e3o entre Uni\u00e3o, estados e munic\u00edpios vai ajudar a agilizar a vacina\u00e7\u00e3o e diminuir os efeitos da pandemia.<\/p>\n<p>&#8220;A conclus\u00e3o \u00e9 o fortalecimento do SUS, articulado nos tr\u00eas n\u00edveis, Uni\u00e3o, estados e munic\u00edpios, para prover \u00e0 popula\u00e7\u00e3o brasileira, com agilidade, uma campanha de vacina\u00e7\u00e3o que possa atingir uma cobertura vacinal capaz de reduzir a circula\u00e7\u00e3o do v\u00edrus&#8221;, afirmou o ministro.<\/p>\n<p>&nbsp;<\/p>\n<p><strong>Fonte: Globo.com<\/strong><\/p>\n<p>&nbsp;<\/p>\n","protected":false},"excerpt":{"rendered":"<p>Ap\u00f3s reuni\u00e3o na resid\u00eancia oficial do Pal\u00e1cio da Alvorada com governadores, ministros e chefes de poderes, o presidente Jair Bolsonaro anunciou a cria\u00e7\u00e3o de um comit\u00ea em parceria com o Congresso para definir medidas de combate \u00e0 pandemia de Covid-19. Ainda de acordo com Bolsonaro, caber\u00e1 ao presidente do Senado, Rodrigo Pacheco (DEM-MG), levar ao &hellip;<\/p>\n","protected":false},"author":1,"featured_media":14091,"comment_status":"closed","ping_status":"closed","sticky":false,"template":"","format":"standard","meta":{"_jetpack_newsletter_access":"","_jetpack_dont_email_post_to_subs":false,"_jetpack_newsletter_tier_id":0,"_jetpack_memberships_contains_paywalled_content":false,"_jetpack_memberships_contains_paid_content":false,"footnotes":""},"categories":[1],"tags":[],"class_list":["post-14090","post","type-post","status-publish","format-standard","has-post-thumbnail","hentry","category-destaque"],"jetpack_sharing_enabled":true,"jetpack_featured_media_url":"","_links":{"self":[{"href":"https:\/\/www.oparanews.com.br\/index.php\/wp-json\/wp\/v2\/posts\/14090","targetHints":{"allow":["GET"]}}],"collection":[{"href":"https:\/\/www.oparanews.com.br\/index.php\/wp-json\/wp\/v2\/posts"}],"about":[{"href":"https:\/\/www.oparanews.com.br\/index.php\/wp-json\/wp\/v2\/types\/post"}],"author":[{"embeddable":true,"href":"https:\/\/www.oparanews.com.br\/index.php\/wp-json\/wp\/v2\/users\/1"}],"replies":[{"embeddable":true,"href":"https:\/\/www.oparanews.com.br\/index.php\/wp-json\/wp\/v2\/comments?post=14090"}],"version-history":[{"count":0,"href":"https:\/\/www.oparanews.com.br\/index.php\/wp-json\/wp\/v2\/posts\/14090\/revisions"}],"wp:attachment":[{"href":"https:\/\/www.oparanews.com.br\/index.php\/wp-json\/wp\/v2\/media?parent=14090"}],"wp:term":[{"taxonomy":"category","embeddable":true,"href":"https:\/\/www.oparanews.com.br\/index.php\/wp-json\/wp\/v2\/categories?post=14090"},{"taxonomy":"post_tag","embeddable":true,"href":"https:\/\/www.oparanews.com.br\/index.php\/wp-json\/wp\/v2\/tags?post=14090"}],"curies":[{"name":"wp","href":"https:\/\/api.w.org\/{rel}","templated":true}]}}