{"id":14093,"date":"2021-03-25T12:42:48","date_gmt":"2021-03-25T12:42:48","guid":{"rendered":"https:\/\/oparanews.com.br\/?p=14093"},"modified":"2021-03-25T12:42:48","modified_gmt":"2021-03-25T12:42:48","slug":"prefeitura-de-penedo-vacina-mais-de-700-idosos-contra-covid-em-um-so-dia","status":"publish","type":"post","link":"https:\/\/www.oparanews.com.br\/index.php\/2021\/03\/25\/prefeitura-de-penedo-vacina-mais-de-700-idosos-contra-covid-em-um-so-dia\/","title":{"rendered":"Prefeitura de Penedo vacina mais de 700 idosos contra Covid em um s\u00f3 dia"},"content":{"rendered":"<p>A imuniza\u00e7\u00e3o organizada pela Secretaria Municipal de Sa\u00fade (SEMS) atendeu 713 pessoas com 66 anos ou mais, sendo que seis receberam a segunda dose da prote\u00e7\u00e3o contra o coronav\u00edrus.<\/p>\n<p>A assist\u00eancia proporcionada pelo governo Ronaldo Lopes\/Jo\u00e3o Lucas est\u00e1 dispon\u00edvel na Central de Vacina\u00e7\u00e3o instalada nas depend\u00eancias da Escola Estadual Ernani M\u00e9ro, das 7h \u00e0s 17 horas.<\/p>\n<p>Entre idosos e profissionais de sa\u00fade que j\u00e1 receberam pelo menos a primeira dose do imunizante, a SEMS Penedo j\u00e1 vacinou quase cinco mil pessoas, exatamente 4.970 at\u00e9 esta quarta-feira, 24.<\/p>\n<p>A Prefeitura de Penedo informa que n\u00e3o decide quais os grupos priorit\u00e1rios para a campanha que atende crit\u00e9rios definidos pelo Minist\u00e9rio da Sa\u00fade e que o avan\u00e7o na quantidade de pessoas imunizadas depende do repasse de vacinas ao munic\u00edpio.<\/p>\n<p>O que o governo Crescendo Com Seu Povo faz por recursos pr\u00f3prios \u00e9, por exemplo, disponibilizar transporte dos idosos que residem na zona rural para receber a vacina.<\/p>\n<p>Outra prova do compromisso do Prefeito Ronaldo Lopes com os que mais precisam \u00e9 a vacina\u00e7\u00e3o em domic\u00edlio para pessoas acamadas ou que n\u00e3o t\u00eam condi\u00e7\u00f5es de se locomover.<\/p>\n<p>Al\u00e9m disso, a gest\u00e3o da SEMS Penedo est\u00e1 sempre em contato direto com o PNI (Programa Nacional de Imuniza\u00e7\u00e3o) do Minist\u00e9rio da Sa\u00fade e o governo estadual para receber as vacinas, assim que ocorrer a libera\u00e7\u00e3o de novos lotes, trabalho que faz com que a faixa et\u00e1ria vacinada aqui seja a mais baixa de Alagoas.<\/p>\n<p>S\u00e3o essas iniciativas e o comprometimento dos servidores p\u00fablicos com a popula\u00e7\u00e3o que colocam Penedo entre os munic\u00edpios alagoanos com melhor desempenho na campanha de vacina\u00e7\u00e3o contra Covid-19.<\/p>\n<p>&nbsp;<\/p>\n<p><strong>por Fernando Vin\u00edcius \u2013 Decom PMP<\/strong><\/p>\n<p>&nbsp;<\/p>\n","protected":false},"excerpt":{"rendered":"<p>A imuniza\u00e7\u00e3o organizada pela Secretaria Municipal de Sa\u00fade (SEMS) atendeu 713 pessoas com 66 anos ou mais, sendo que seis receberam a segunda dose da prote\u00e7\u00e3o contra o coronav\u00edrus. A assist\u00eancia proporcionada pelo governo Ronaldo Lopes\/Jo\u00e3o Lucas est\u00e1 dispon\u00edvel na Central de Vacina\u00e7\u00e3o instalada nas depend\u00eancias da Escola Estadual Ernani M\u00e9ro, das 7h \u00e0s 17 &hellip;<\/p>\n","protected":false},"author":1,"featured_media":14094,"comment_status":"closed","ping_status":"closed","sticky":false,"template":"","format":"standard","meta":{"_jetpack_newsletter_access":"","_jetpack_dont_email_post_to_subs":false,"_jetpack_newsletter_tier_id":0,"_jetpack_memberships_contains_paywalled_content":false,"_jetpack_memberships_contains_paid_content":false,"footnotes":""},"categories":[1],"tags":[],"class_list":["post-14093","post","type-post","status-publish","format-standard","has-post-thumbnail","hentry","category-destaque"],"jetpack_sharing_enabled":true,"jetpack_featured_media_url":"","_links":{"self":[{"href":"https:\/\/www.oparanews.com.br\/index.php\/wp-json\/wp\/v2\/posts\/14093","targetHints":{"allow":["GET"]}}],"collection":[{"href":"https:\/\/www.oparanews.com.br\/index.php\/wp-json\/wp\/v2\/posts"}],"about":[{"href":"https:\/\/www.oparanews.com.br\/index.php\/wp-json\/wp\/v2\/types\/post"}],"author":[{"embeddable":true,"href":"https:\/\/www.oparanews.com.br\/index.php\/wp-json\/wp\/v2\/users\/1"}],"replies":[{"embeddable":true,"href":"https:\/\/www.oparanews.com.br\/index.php\/wp-json\/wp\/v2\/comments?post=14093"}],"version-history":[{"count":0,"href":"https:\/\/www.oparanews.com.br\/index.php\/wp-json\/wp\/v2\/posts\/14093\/revisions"}],"wp:attachment":[{"href":"https:\/\/www.oparanews.com.br\/index.php\/wp-json\/wp\/v2\/media?parent=14093"}],"wp:term":[{"taxonomy":"category","embeddable":true,"href":"https:\/\/www.oparanews.com.br\/index.php\/wp-json\/wp\/v2\/categories?post=14093"},{"taxonomy":"post_tag","embeddable":true,"href":"https:\/\/www.oparanews.com.br\/index.php\/wp-json\/wp\/v2\/tags?post=14093"}],"curies":[{"name":"wp","href":"https:\/\/api.w.org\/{rel}","templated":true}]}}