{"id":14105,"date":"2021-03-25T14:03:12","date_gmt":"2021-03-25T14:03:12","guid":{"rendered":"https:\/\/oparanews.com.br\/?p=14105"},"modified":"2021-03-25T14:03:12","modified_gmt":"2021-03-25T14:03:12","slug":"alagoas-tem-mais-de-13-mil-casos-confirmados-de-covid-em-criancas-e-adolescentes","status":"publish","type":"post","link":"https:\/\/www.oparanews.com.br\/index.php\/2021\/03\/25\/alagoas-tem-mais-de-13-mil-casos-confirmados-de-covid-em-criancas-e-adolescentes\/","title":{"rendered":"Alagoas tem mais de 13 mil casos confirmados de Covid em crian\u00e7as e adolescentes"},"content":{"rendered":"<p>Alagoas registrou 13.147 casos confirmados de crian\u00e7as e adolescentes infectados pela Covid-19. Os dados s\u00e3o do informe epidemiol\u00f3gico publicado pela Secretaria de Estado da Sa\u00fade (Sesau) nesta quarta-feira (24). O n\u00famero de \u00f3bitos chegou a 30.<\/p>\n<p>Na ter\u00e7a-feira, uma crian\u00e7a de 12 anos, sem comorbidade, morreu por causa do coronav\u00edrus. A pediatra Larissa Gusm\u00e3o explica que, apesar de n\u00e3o ser comum, est\u00e3o sendo registradas mortes de crian\u00e7as e adolescentes sem doen\u00e7as preexistentes.<\/p>\n<p>&#8220;A doen\u00e7a pode evoluir para sintomas graves, mas \u00e9 uma minoria. Quando avan\u00e7a para um quadro mais grave, geralmente, s\u00e3o crian\u00e7as que t\u00eam alguma doen\u00e7a de base, mas acontece de ter crian\u00e7as sem nenhuma comorbidade cujo quadro pode complicar&#8221;, advertiu.<\/p>\n<p><strong>Contamina\u00e7\u00e3o por faixa et\u00e1ria<\/strong><\/p>\n<p>Crian\u00e7as de at\u00e9 dez anos &#8211; 4.057 infectadas.<br \/>\nCrian\u00e7as e adolescentes de 10 a 19 anos &#8211; 9.090 infectados<\/p>\n<p><strong>Morte por sexo<\/strong><\/p>\n<p>Crian\u00e7as at\u00e9 10 anos &#8211; 7 meninas e 7 meninos<br \/>\nCrian\u00e7as e adolescentes de 10 a 19 anos &#8211; 8 meninas e 8 meninos<\/p>\n<p>J\u00e1 s\u00e3o 148.996 casos confirmados e 3.398 \u00f3bitos no estado causados pela doen\u00e7a desde o come\u00e7o da pandemia. Com o aumento nos casos, a ocupa\u00e7\u00e3o dos leitos de UTI e enfermaria em Alagoas subiu para 89%. Na capital, a ocupa\u00e7\u00e3o de UTI \u00e9 de 93%.<\/p>\n<p>&nbsp;<\/p>\n<p><strong>Fonte: G1\/AL<\/strong><\/p>\n<p>&nbsp;<\/p>\n","protected":false},"excerpt":{"rendered":"<p>Alagoas registrou 13.147 casos confirmados de crian\u00e7as e adolescentes infectados pela Covid-19. Os dados s\u00e3o do informe epidemiol\u00f3gico publicado pela Secretaria de Estado da Sa\u00fade (Sesau) nesta quarta-feira (24). O n\u00famero de \u00f3bitos chegou a 30. Na ter\u00e7a-feira, uma crian\u00e7a de 12 anos, sem comorbidade, morreu por causa do coronav\u00edrus. A pediatra Larissa Gusm\u00e3o explica &hellip;<\/p>\n","protected":false},"author":1,"featured_media":14106,"comment_status":"closed","ping_status":"closed","sticky":false,"template":"","format":"standard","meta":{"_jetpack_newsletter_access":"","_jetpack_dont_email_post_to_subs":false,"_jetpack_newsletter_tier_id":0,"_jetpack_memberships_contains_paywalled_content":false,"_jetpack_memberships_contains_paid_content":false,"footnotes":""},"categories":[1],"tags":[],"class_list":["post-14105","post","type-post","status-publish","format-standard","has-post-thumbnail","hentry","category-destaque"],"jetpack_sharing_enabled":true,"jetpack_featured_media_url":"","_links":{"self":[{"href":"https:\/\/www.oparanews.com.br\/index.php\/wp-json\/wp\/v2\/posts\/14105","targetHints":{"allow":["GET"]}}],"collection":[{"href":"https:\/\/www.oparanews.com.br\/index.php\/wp-json\/wp\/v2\/posts"}],"about":[{"href":"https:\/\/www.oparanews.com.br\/index.php\/wp-json\/wp\/v2\/types\/post"}],"author":[{"embeddable":true,"href":"https:\/\/www.oparanews.com.br\/index.php\/wp-json\/wp\/v2\/users\/1"}],"replies":[{"embeddable":true,"href":"https:\/\/www.oparanews.com.br\/index.php\/wp-json\/wp\/v2\/comments?post=14105"}],"version-history":[{"count":0,"href":"https:\/\/www.oparanews.com.br\/index.php\/wp-json\/wp\/v2\/posts\/14105\/revisions"}],"wp:attachment":[{"href":"https:\/\/www.oparanews.com.br\/index.php\/wp-json\/wp\/v2\/media?parent=14105"}],"wp:term":[{"taxonomy":"category","embeddable":true,"href":"https:\/\/www.oparanews.com.br\/index.php\/wp-json\/wp\/v2\/categories?post=14105"},{"taxonomy":"post_tag","embeddable":true,"href":"https:\/\/www.oparanews.com.br\/index.php\/wp-json\/wp\/v2\/tags?post=14105"}],"curies":[{"name":"wp","href":"https:\/\/api.w.org\/{rel}","templated":true}]}}