{"id":14108,"date":"2021-03-25T23:16:58","date_gmt":"2021-03-25T23:16:58","guid":{"rendered":"https:\/\/oparanews.com.br\/?p=14108"},"modified":"2021-03-25T23:16:58","modified_gmt":"2021-03-25T23:16:58","slug":"alagoas-confirma-701-casos-e-23-mortes-por-covid-19","status":"publish","type":"post","link":"https:\/\/www.oparanews.com.br\/index.php\/2021\/03\/25\/alagoas-confirma-701-casos-e-23-mortes-por-covid-19\/","title":{"rendered":"Alagoas confirma 701 casos e 23 mortes por Covid-19"},"content":{"rendered":"<p>O boletim epidemiol\u00f3gico da Secretaria de Estado da Sa\u00fade (Sesau), desta quinta-feira (25), confirma 701 novos casos e mais 23 mortes por Covid-19 em Alagoas. Esse foi o maior n\u00famero di\u00e1rio de \u00f3bitos registrado nesta semana no estado.<\/p>\n<p>Macei\u00f3 concentrou 13 mortes e o interior registrou 10, tr\u00eas somente em Arapiraca.<\/p>\n<p>A capital confirmou 236 casos nas \u00faltimas 24 horas. O interior registrou 465 casos. Pesquisadores da Ufal alertaram que a segunda onda de Covid-19 em Alagoas est\u00e1 se comportando como a primeira, quando o interior passou a ter mais casos do que a capital.<\/p>\n<p>Duas mulheres, uma de 36 anos e a outra de 39; e um homem de 46 anos, todos sem doen\u00e7as pr\u00e9vias, est\u00e3o entre as v\u00edtimas.<\/p>\n<p>O estado tem o total de 149.697 casos confirmados e 3.421 \u00f3bitos por Covid-19.<\/p>\n<p>Do total de pessoas infectadas pelo novo coronav\u00edrus, 141.359 se recuperaram e 4.059 est\u00e3o em tratamento, em isolamento domiciliar.<\/p>\n<p>O n\u00famero acumulado de casos suspeitos est\u00e1 em 10.071.<\/p>\n<p>At\u00e9 as 16h de quarta (24), a taxa de ocupa\u00e7\u00e3o dos leitos de UTI no estado estava em 89%. Na capital, a ocupa\u00e7\u00e3o de UTI chegou a 93%.<\/p>\n<p>Mais 23 mortes por Covid-19<\/p>\n<p>Macei\u00f3: Homem, 32 anos \u2013 hipertenso<br \/>\nMacei\u00f3: Homem, 41 anos \u2013 obesidade, depress\u00e3o, hipertens\u00e3o arterial, diabetes e ansiedade<br \/>\nMacei\u00f3: Homem, 46 anos \u2013 sem comorbidades<br \/>\nMacei\u00f3: Homem, 63 anos \u2013 hipertenso, diab\u00e9tico e cardiopata<br \/>\nMacei\u00f3: Homem, 76 anos \u2013 hipertenso<br \/>\nMacei\u00f3: Homem, 77 anos \u2013 hipertenso e diab\u00e9tico<br \/>\nMacei\u00f3: Homem, 80 anos \u2013 hipertenso<br \/>\nMacei\u00f3: Mulher, 45 anos \u2013 doen\u00e7a hematol\u00f3gica cr\u00f4nica<br \/>\nMacei\u00f3: Mulher, 53 anos \u2013 doen\u00e7a cardiovascular e pneumonia cr\u00f4nica<br \/>\nMacei\u00f3: Mulher, 59 anos \u2013 sem comorbidades<br \/>\nMacei\u00f3: Mulher, 64 anos \u2013 obesidade, hipertens\u00e3o arterial, diabetes e Parkinson<br \/>\nMacei\u00f3: Mulher, 78 anos \u2013 sem comorbidades<br \/>\nMacei\u00f3: Mulher, 80 anos \u2013 hipertensa e diab\u00e9tica<br \/>\nIgaci: Homem, 78 anos \u2013 doen\u00e7a respirat\u00f3ria cr\u00f4nica e era imunossuprimido<br \/>\nDelmiro Gouveia: Homem, 78 anos \u2013 hipertens\u00e3o e diabetes<br \/>\nSantana do Ipanema: Mulher, 36 anos \u2013 sem comorbidades<br \/>\nPorto Calvo: Mulher, 39 anos \u2013 sem comorbidades<br \/>\nArapiraca: Mulher, 60 anos \u2013 diab\u00e9tica, hipertensa e doen\u00e7a cardiovascular<br \/>\nDelmiro Gouveia: Mulher, 61 anos \u2013 hipertensa e diab\u00e9tica<br \/>\nArapiraca: Mulher, 61 anos \u2013 hipertens\u00e3o<br \/>\nArapiraca: Mulher, 71 anos \u2013 sem comorbidades<br \/>\nIgaci: Mulher, 71 anos \u2013 hipertens\u00e3o, diabetes e doen\u00e7a cardiovascular<br \/>\nCampo Alegre: Mulher, 101 anos \u2013 sem comorbidades<\/p>\n<p>&nbsp;<\/p>\n<p><strong>Fonte: G1\/AL<\/strong><\/p>\n<p>&nbsp;<\/p>\n","protected":false},"excerpt":{"rendered":"<p>O boletim epidemiol\u00f3gico da Secretaria de Estado da Sa\u00fade (Sesau), desta quinta-feira (25), confirma 701 novos casos e mais 23 mortes por Covid-19 em Alagoas. Esse foi o maior n\u00famero di\u00e1rio de \u00f3bitos registrado nesta semana no estado. Macei\u00f3 concentrou 13 mortes e o interior registrou 10, tr\u00eas somente em Arapiraca. A capital confirmou 236 &hellip;<\/p>\n","protected":false},"author":1,"featured_media":8171,"comment_status":"closed","ping_status":"closed","sticky":false,"template":"","format":"standard","meta":{"_jetpack_newsletter_access":"","_jetpack_dont_email_post_to_subs":false,"_jetpack_newsletter_tier_id":0,"_jetpack_memberships_contains_paywalled_content":false,"_jetpack_memberships_contains_paid_content":false,"footnotes":""},"categories":[1],"tags":[],"class_list":["post-14108","post","type-post","status-publish","format-standard","has-post-thumbnail","hentry","category-destaque"],"jetpack_sharing_enabled":true,"jetpack_featured_media_url":"","_links":{"self":[{"href":"https:\/\/www.oparanews.com.br\/index.php\/wp-json\/wp\/v2\/posts\/14108","targetHints":{"allow":["GET"]}}],"collection":[{"href":"https:\/\/www.oparanews.com.br\/index.php\/wp-json\/wp\/v2\/posts"}],"about":[{"href":"https:\/\/www.oparanews.com.br\/index.php\/wp-json\/wp\/v2\/types\/post"}],"author":[{"embeddable":true,"href":"https:\/\/www.oparanews.com.br\/index.php\/wp-json\/wp\/v2\/users\/1"}],"replies":[{"embeddable":true,"href":"https:\/\/www.oparanews.com.br\/index.php\/wp-json\/wp\/v2\/comments?post=14108"}],"version-history":[{"count":0,"href":"https:\/\/www.oparanews.com.br\/index.php\/wp-json\/wp\/v2\/posts\/14108\/revisions"}],"wp:attachment":[{"href":"https:\/\/www.oparanews.com.br\/index.php\/wp-json\/wp\/v2\/media?parent=14108"}],"wp:term":[{"taxonomy":"category","embeddable":true,"href":"https:\/\/www.oparanews.com.br\/index.php\/wp-json\/wp\/v2\/categories?post=14108"},{"taxonomy":"post_tag","embeddable":true,"href":"https:\/\/www.oparanews.com.br\/index.php\/wp-json\/wp\/v2\/tags?post=14108"}],"curies":[{"name":"wp","href":"https:\/\/api.w.org\/{rel}","templated":true}]}}