{"id":14113,"date":"2021-03-26T00:11:08","date_gmt":"2021-03-26T00:11:08","guid":{"rendered":"https:\/\/oparanews.com.br\/?p=14113"},"modified":"2021-03-26T00:11:08","modified_gmt":"2021-03-26T00:11:08","slug":"detran-al-amplia-prazos-de-servicos-de-habilitacao-veiculos-e-infracoes","status":"publish","type":"post","link":"https:\/\/www.oparanews.com.br\/index.php\/2021\/03\/26\/detran-al-amplia-prazos-de-servicos-de-habilitacao-veiculos-e-infracoes\/","title":{"rendered":"Detran\/AL amplia prazos de servi\u00e7os de habilita\u00e7\u00e3o, ve\u00edculos e infra\u00e7\u00f5es"},"content":{"rendered":"<p>O Departamento Estadual de Tr\u00e2nsito de Alagoas (Detran\/AL) garantiu a amplia\u00e7\u00e3o e interrup\u00e7\u00e3o dos prazos referentes aos servi\u00e7os de habilita\u00e7\u00e3o, ve\u00edculos e infra\u00e7\u00f5es no estado. Ap\u00f3s solicita\u00e7\u00e3o da autarquia, o Conselho Nacional de Tr\u00e2nsito (Contran) publicou as mudan\u00e7as no Di\u00e1rio Oficial da Uni\u00e3o desta quarta-feira (24).<\/p>\n<p>Agora, procedimentos como renova\u00e7\u00e3o da habilita\u00e7\u00e3o, primeiro emplacamento, apresenta\u00e7\u00e3o de recurso de multa, transfer\u00eancia de propriedade, entre outros est\u00e3o com prazos interrompidos, de acordo com a portaria n\u00ba 207 do Contran. A medida foi tomada por conta do per\u00edodo de enfretamento \u00e0 pandemia da Covid-19.<\/p>\n<p>De acordo com o diretor-presidente do Detran\/AL, Adrualdo Cat\u00e3o, a amplia\u00e7\u00e3o dos prazos tranquiliza a popula\u00e7\u00e3o e \u00e9 uma forma da autarquia contribuir com as medidas de isolamento social. \u201cO \u00f3rg\u00e3o continua aberto e funcionando com atendimento por agendamento e seguindo todo o protocolo sanit\u00e1rio recomendado, mas \u00e9 importante estimular as pessoas a ficarem em casa nesse momento t\u00e3o cr\u00edtico\u201d, afirmou.<\/p>\n<p>Cat\u00e3o ainda ressaltou que o Detran de Alagoas disponibiliza dezenas de servi\u00e7os on-line, o que minimiza a necessidade do cidad\u00e3o se deslocar ao atendimento presencial. \u201cJ\u00e1 temos muitos servi\u00e7os on-line e estamos sempre trabalhando para implantar cada vez mais. Queremos garantir a seguran\u00e7a de todos e minimizar os riscos de cont\u00e1gio\u201d, disse.<\/p>\n<p>Novos prazos<\/p>\n<p>Com os novos prazos, ficam interrompidos por tempo indeterminado o prazo para renova\u00e7\u00e3o das Carteiras Nacionais de Habilita\u00e7\u00e3o (CNHs) e das Autoriza\u00e7\u00f5es para Conduzir Ciclomotor (ACCs) vencidas desde 1 de mar\u00e7o de 2020. Al\u00e9m disso, CNHs, ACCs, e Permiss\u00e3o Para Dirigir (PPD) vencidos desde a mesma data tamb\u00e9m est\u00e3o com o prazo de validade interrompido para fins de fiscaliza\u00e7\u00e3o. Isso significa dizer que os condutores que tiverem esses documentos vencidos a partir de mar\u00e7o do ano passado podem circular normalmente, e por tempo indeterminado, sem sofrer penalidades nas fiscaliza\u00e7\u00f5es.<\/p>\n<p>Ve\u00edculos novos adquiridos desde 4 de mar\u00e7o de 2021 est\u00e3o com o prazo interrompido para registro e licenciamento. Dessa forma, o prazo para o propriet\u00e1rio realizar o primeiro emplacamento est\u00e1 suspenso a partir da data. Al\u00e9m disso, ve\u00edculos j\u00e1 registrados em Alagoas e que foram adquiridos desde 12 de fevereiro de 2021, tamb\u00e9m est\u00e3o com o prazo suspenso por tempo indeterminado para o propriet\u00e1rio adotar as provid\u00eancias necess\u00e1rias \u00e0 efetiva\u00e7\u00e3o de transfer\u00eancia de propriedade de ve\u00edculo adquirido.<\/p>\n<p>Tamb\u00e9m ficam prorrogados por tempo indeterminado os prazos de defesa e recursos de infra\u00e7\u00e3o que teriam o vencimento a partir de 19 de mar\u00e7o de 2021. O Detran\/AL ressalta que fiscaliza\u00e7\u00e3o de tr\u00e2nsito continua sendo realizada normalmente, o que ocorre \u00e9 que, em raz\u00e3o da publica\u00e7\u00e3o da portaria, a fiscaliza\u00e7\u00e3o ser\u00e1 orientada sobre as mudan\u00e7as e interrup\u00e7\u00e3o dos prazos.<\/p>\n<p>&nbsp;<\/p>\n<p><strong>Fonte: G1\/AL<\/strong><\/p>\n<p>&nbsp;<\/p>\n","protected":false},"excerpt":{"rendered":"<p>O Departamento Estadual de Tr\u00e2nsito de Alagoas (Detran\/AL) garantiu a amplia\u00e7\u00e3o e interrup\u00e7\u00e3o dos prazos referentes aos servi\u00e7os de habilita\u00e7\u00e3o, ve\u00edculos e infra\u00e7\u00f5es no estado. Ap\u00f3s solicita\u00e7\u00e3o da autarquia, o Conselho Nacional de Tr\u00e2nsito (Contran) publicou as mudan\u00e7as no Di\u00e1rio Oficial da Uni\u00e3o desta quarta-feira (24). Agora, procedimentos como renova\u00e7\u00e3o da habilita\u00e7\u00e3o, primeiro emplacamento, apresenta\u00e7\u00e3o &hellip;<\/p>\n","protected":false},"author":1,"featured_media":14114,"comment_status":"closed","ping_status":"closed","sticky":false,"template":"","format":"standard","meta":{"_jetpack_newsletter_access":"","_jetpack_dont_email_post_to_subs":false,"_jetpack_newsletter_tier_id":0,"_jetpack_memberships_contains_paywalled_content":false,"_jetpack_memberships_contains_paid_content":false,"footnotes":""},"categories":[1],"tags":[],"class_list":["post-14113","post","type-post","status-publish","format-standard","has-post-thumbnail","hentry","category-destaque"],"jetpack_sharing_enabled":true,"jetpack_featured_media_url":"","_links":{"self":[{"href":"https:\/\/www.oparanews.com.br\/index.php\/wp-json\/wp\/v2\/posts\/14113","targetHints":{"allow":["GET"]}}],"collection":[{"href":"https:\/\/www.oparanews.com.br\/index.php\/wp-json\/wp\/v2\/posts"}],"about":[{"href":"https:\/\/www.oparanews.com.br\/index.php\/wp-json\/wp\/v2\/types\/post"}],"author":[{"embeddable":true,"href":"https:\/\/www.oparanews.com.br\/index.php\/wp-json\/wp\/v2\/users\/1"}],"replies":[{"embeddable":true,"href":"https:\/\/www.oparanews.com.br\/index.php\/wp-json\/wp\/v2\/comments?post=14113"}],"version-history":[{"count":0,"href":"https:\/\/www.oparanews.com.br\/index.php\/wp-json\/wp\/v2\/posts\/14113\/revisions"}],"wp:attachment":[{"href":"https:\/\/www.oparanews.com.br\/index.php\/wp-json\/wp\/v2\/media?parent=14113"}],"wp:term":[{"taxonomy":"category","embeddable":true,"href":"https:\/\/www.oparanews.com.br\/index.php\/wp-json\/wp\/v2\/categories?post=14113"},{"taxonomy":"post_tag","embeddable":true,"href":"https:\/\/www.oparanews.com.br\/index.php\/wp-json\/wp\/v2\/tags?post=14113"}],"curies":[{"name":"wp","href":"https:\/\/api.w.org\/{rel}","templated":true}]}}