{"id":14116,"date":"2021-03-26T00:13:42","date_gmt":"2021-03-26T00:13:42","guid":{"rendered":"https:\/\/oparanews.com.br\/?p=14116"},"modified":"2021-03-26T00:13:42","modified_gmt":"2021-03-26T00:13:42","slug":"justica-libera-compra-de-vacinas-por-entidades-privadas","status":"publish","type":"post","link":"https:\/\/www.oparanews.com.br\/index.php\/2021\/03\/26\/justica-libera-compra-de-vacinas-por-entidades-privadas\/","title":{"rendered":"Justi\u00e7a libera compra de vacinas por entidades privadas"},"content":{"rendered":"<p>A Justi\u00e7a Federal em Bras\u00edlia considerou inconstitucional a lei aprovada pelo Congresso que obriga a doa\u00e7\u00e3o ao Sistema \u00danico de Sa\u00fade de 100% de vacinas compradas por empresas ou outras institui\u00e7\u00f5es enquanto todos os grupos considerados priorit\u00e1rios n\u00e3o forem vacinados.<\/p>\n<p>O juiz substituto da 21\u00aa vara federal de Bras\u00edlia, Rolando Spanholo, entendeu que a exig\u00eancia da doa\u00e7\u00e3o, inclu\u00edda na lei pelos parlamentares, \u00e9 inconstitucional, aceitando a argumenta\u00e7\u00e3o do Sindicato dos Delegados de Pol\u00edcia de S\u00e3o Paulo, de que a veda\u00e7\u00e3o violava o direito fundamental \u00e0 sa\u00fade ao atrasar a imuniza\u00e7\u00e3o.<\/p>\n<p>O juiz argumentou ainda que a obriga\u00e7\u00e3o de doa\u00e7\u00e3o integral dos imunizantes ao SUS desestimula que a sociedade civil, empres\u00e1rios e institui\u00e7\u00f5es participem da compra e da vacina\u00e7\u00e3o contra o coronav\u00edrus, o que atrasa ainda mais o processo no pa\u00eds.<\/p>\n<p>Spanholo autoriza ainda que o sindicato busque a compra de vacinas, mas informa que a entidade que o fizer ter\u00e1 que arcar com os riscos decorrentes do processo de aquisi\u00e7\u00e3o e n\u00e3o poder\u00e1 revender as vacinas no pa\u00eds.<\/p>\n<p>A lei declarada inconstitucional foi aprovada pelo Congresso no final de fevereiro. O texto prev\u00ea que Estados, munic\u00edpios e entidades privadas podem negociar vacinas, mas no caso das \u00faltimas, a exig\u00eancia \u00e9 que qualquer compra tenha que ser 100% doada ao SUS at\u00e9 que todos os grupos estabelecidos como priorit\u00e1rios no pa\u00eds sejam vacinados. Depois desse limite, ainda 50% das doses ter\u00e3o que ser doadas.<\/p>\n<p>&nbsp;<\/p>\n<p><strong>Fonte: Terra<\/strong><\/p>\n<p>&nbsp;<\/p>\n","protected":false},"excerpt":{"rendered":"<p>A Justi\u00e7a Federal em Bras\u00edlia considerou inconstitucional a lei aprovada pelo Congresso que obriga a doa\u00e7\u00e3o ao Sistema \u00danico de Sa\u00fade de 100% de vacinas compradas por empresas ou outras institui\u00e7\u00f5es enquanto todos os grupos considerados priorit\u00e1rios n\u00e3o forem vacinados. O juiz substituto da 21\u00aa vara federal de Bras\u00edlia, Rolando Spanholo, entendeu que a exig\u00eancia &hellip;<\/p>\n","protected":false},"author":1,"featured_media":14117,"comment_status":"closed","ping_status":"closed","sticky":false,"template":"","format":"standard","meta":{"_jetpack_newsletter_access":"","_jetpack_dont_email_post_to_subs":false,"_jetpack_newsletter_tier_id":0,"_jetpack_memberships_contains_paywalled_content":false,"_jetpack_memberships_contains_paid_content":false,"footnotes":""},"categories":[1],"tags":[],"class_list":["post-14116","post","type-post","status-publish","format-standard","has-post-thumbnail","hentry","category-destaque"],"jetpack_sharing_enabled":true,"jetpack_featured_media_url":"","_links":{"self":[{"href":"https:\/\/www.oparanews.com.br\/index.php\/wp-json\/wp\/v2\/posts\/14116","targetHints":{"allow":["GET"]}}],"collection":[{"href":"https:\/\/www.oparanews.com.br\/index.php\/wp-json\/wp\/v2\/posts"}],"about":[{"href":"https:\/\/www.oparanews.com.br\/index.php\/wp-json\/wp\/v2\/types\/post"}],"author":[{"embeddable":true,"href":"https:\/\/www.oparanews.com.br\/index.php\/wp-json\/wp\/v2\/users\/1"}],"replies":[{"embeddable":true,"href":"https:\/\/www.oparanews.com.br\/index.php\/wp-json\/wp\/v2\/comments?post=14116"}],"version-history":[{"count":0,"href":"https:\/\/www.oparanews.com.br\/index.php\/wp-json\/wp\/v2\/posts\/14116\/revisions"}],"wp:attachment":[{"href":"https:\/\/www.oparanews.com.br\/index.php\/wp-json\/wp\/v2\/media?parent=14116"}],"wp:term":[{"taxonomy":"category","embeddable":true,"href":"https:\/\/www.oparanews.com.br\/index.php\/wp-json\/wp\/v2\/categories?post=14116"},{"taxonomy":"post_tag","embeddable":true,"href":"https:\/\/www.oparanews.com.br\/index.php\/wp-json\/wp\/v2\/tags?post=14116"}],"curies":[{"name":"wp","href":"https:\/\/api.w.org\/{rel}","templated":true}]}}