{"id":14122,"date":"2021-03-26T00:17:47","date_gmt":"2021-03-26T00:17:47","guid":{"rendered":"https:\/\/oparanews.com.br\/?p=14122"},"modified":"2021-03-26T00:17:47","modified_gmt":"2021-03-26T00:17:47","slug":"empresarios-anunciam-doacao-de-vacinas-mas-fazem-exigencia","status":"publish","type":"post","link":"https:\/\/www.oparanews.com.br\/index.php\/2021\/03\/26\/empresarios-anunciam-doacao-de-vacinas-mas-fazem-exigencia\/","title":{"rendered":"Empres\u00e1rios anunciam doa\u00e7\u00e3o de vacinas, mas fazem exig\u00eancia"},"content":{"rendered":"<p>Os empres\u00e1rios Luciano Hang, dono da varejista Havan, e Carlos Wizard, da holding Sforza, estiveram nesta quinta-feira, 25, com o ministro da Economia, Paulo Guedes, e anunciaram a inten\u00e7\u00e3o de doar 10 milh\u00f5es de doses da vacina contra a covid-19 para o SUS. Por tr\u00e1s do gesto, no entanto, est\u00e1 o desejo dos empres\u00e1rios de poder comprar imunizantes para aplicar em seus funcion\u00e1rios, sem seguir a ordem de prioriza\u00e7\u00e3o estipulada no Plano Nacional de Imuniza\u00e7\u00e3o (PNI).<\/p>\n<p>O Congresso Nacional aprovou uma lei determinando que todas as doses adquiridas pelo setor privado sejam doadas ao SUS. Hang e Wizard, por\u00e9m, lideram um grupo que lan\u00e7ou abaixo-assinado para pressionar por uma mudan\u00e7a na lei para permitir o uso particular das doses, sem contrapartida ao sistema p\u00fablico de sa\u00fade. Hoje, a Justi\u00e7a Federal derrubou a obrigatoriedade de doa\u00e7\u00e3o ao SUS de vacinas compradas por entidades privadas.<\/p>\n<p>Mais cedo, o presidente do Senado, Rodrigo Pacheco (DEM-MG), se posicionou contra a possibilidade de empresas anteciparem a imuniza\u00e7\u00e3o de seus funcion\u00e1rios. Ele comentava sobre a vacina\u00e7\u00e3o de empres\u00e1rios do ramo de transportes em Minas Gerais, descumprindo o PNI. &#8220;N\u00e3o podemos admitir e tolerar que se descumpra o PNI. O entendimento do Congresso foi de que na edi\u00e7\u00e3o da lei houvesse possibilidade de aquisi\u00e7\u00e3o pela iniciativa privada para doa\u00e7\u00e3o de sua integralidade para o SUS. N\u00e3o se pode descumprir essa lei e essa diretriz&#8221;, afirmou.<\/p>\n<p>Na porta do Minist\u00e9rio da Economia, Wizard disse que &#8220;gra\u00e7as ao apoio do ministro Paulo Guedes&#8221; os empres\u00e1rios ter\u00e3o amanh\u00e3 pela manh\u00e3 uma agenda com o ministro da Sa\u00fade, Marcelo Queiroga. &#8220;Os empres\u00e1rios est\u00e3o fazendo uma doa\u00e7\u00e3o de 10 milh\u00f5es de doses da vacina para a popula\u00e7\u00e3o. Ent\u00e3o, para que isso aconte\u00e7a, n\u00f3s precisamos sensibilizar os congressistas, as autoridades, para que haja uma flexibiliza\u00e7\u00e3o na legisla\u00e7\u00e3o, que nos permita fazer essa doa\u00e7\u00e3o a favor do Brasil&#8221;, disse, defendendo a altera\u00e7\u00e3o na lei.<\/p>\n<p>Hang, por sua vez, ressaltou que cada funcion\u00e1rio vacinado por fora do PNI &#8220;tiraria as pessoas do SUS&#8221;. &#8220;N\u00f3s temos amigos que tamb\u00e9m querem comprar a vacina e doar para os seus funcion\u00e1rios&#8221;, afirmou.<\/p>\n<p>Sem mencionar a lei que obriga a doa\u00e7\u00e3o de 100% das doses, Guedes celebrou o gesto dos empres\u00e1rios. &#8220;Dois empres\u00e1rios, dois brasileiros de cora\u00e7\u00e3o macio, for\u00e7a e capacidade. Empreendedores, (que) sabem negociar, conseguiram esses 10 milh\u00f5es de vacinas, est\u00e3o l\u00e1 fora esperando para traz\u00ea-los&#8221;, afirmou o ministro da Economia. &#8220;Agora, imagine 100 empres\u00e1rios. S\u00e3o dois aqui, ent\u00e3o seria 50 vezes essa doa\u00e7\u00e3o de 10 milh\u00f5es. E n\u00f3s temos 100 empres\u00e1rios que podem querer fazer essas doa\u00e7\u00f5es. Seriam 500 milh\u00f5es de vacinas.&#8221;<\/p>\n<p>Ao ser questionado sobre como resolver a obrigatoriedade de doa\u00e7\u00e3o total, Guedes disse que os empres\u00e1rios v\u00e3o trabalhar pelo convencimento. &#8220;Eles v\u00e3o conversar, eles v\u00e3o acertar com presidente do Supr&#8230; com o presidente da C\u00e2mara. \u00c9 um problema de legisla\u00e7\u00e3o, \u00e9 lei&#8221;, afirmou.<\/p>\n<p>Defensor da flexibiliza\u00e7\u00e3o, Wizard disse que o setor privado \u00e9 mais \u00e1gil na entrega do que a m\u00e1quina p\u00fablica, que &#8220;tem lentid\u00e3o que \u00e9 tradicional&#8221;. &#8220;Se n\u00e3o agirmos com agilidade, com prontid\u00e3o, com uma entrega r\u00e1pida, n\u00f3s podemos criar um caos no Pa\u00eds, e \u00e9 exatamente isso que queremos evitar&#8221;, afirmou.<\/p>\n<p>&nbsp;<\/p>\n<p><strong>Fonte: Terra<\/strong><\/p>\n<p>&nbsp;<\/p>\n","protected":false},"excerpt":{"rendered":"<p>Os empres\u00e1rios Luciano Hang, dono da varejista Havan, e Carlos Wizard, da holding Sforza, estiveram nesta quinta-feira, 25, com o ministro da Economia, Paulo Guedes, e anunciaram a inten\u00e7\u00e3o de doar 10 milh\u00f5es de doses da vacina contra a covid-19 para o SUS. Por tr\u00e1s do gesto, no entanto, est\u00e1 o desejo dos empres\u00e1rios de &hellip;<\/p>\n","protected":false},"author":1,"featured_media":14123,"comment_status":"closed","ping_status":"closed","sticky":false,"template":"","format":"standard","meta":{"_jetpack_newsletter_access":"","_jetpack_dont_email_post_to_subs":false,"_jetpack_newsletter_tier_id":0,"_jetpack_memberships_contains_paywalled_content":false,"_jetpack_memberships_contains_paid_content":false,"footnotes":""},"categories":[1],"tags":[],"class_list":["post-14122","post","type-post","status-publish","format-standard","has-post-thumbnail","hentry","category-destaque"],"jetpack_sharing_enabled":true,"jetpack_featured_media_url":"","_links":{"self":[{"href":"https:\/\/www.oparanews.com.br\/index.php\/wp-json\/wp\/v2\/posts\/14122","targetHints":{"allow":["GET"]}}],"collection":[{"href":"https:\/\/www.oparanews.com.br\/index.php\/wp-json\/wp\/v2\/posts"}],"about":[{"href":"https:\/\/www.oparanews.com.br\/index.php\/wp-json\/wp\/v2\/types\/post"}],"author":[{"embeddable":true,"href":"https:\/\/www.oparanews.com.br\/index.php\/wp-json\/wp\/v2\/users\/1"}],"replies":[{"embeddable":true,"href":"https:\/\/www.oparanews.com.br\/index.php\/wp-json\/wp\/v2\/comments?post=14122"}],"version-history":[{"count":0,"href":"https:\/\/www.oparanews.com.br\/index.php\/wp-json\/wp\/v2\/posts\/14122\/revisions"}],"wp:attachment":[{"href":"https:\/\/www.oparanews.com.br\/index.php\/wp-json\/wp\/v2\/media?parent=14122"}],"wp:term":[{"taxonomy":"category","embeddable":true,"href":"https:\/\/www.oparanews.com.br\/index.php\/wp-json\/wp\/v2\/categories?post=14122"},{"taxonomy":"post_tag","embeddable":true,"href":"https:\/\/www.oparanews.com.br\/index.php\/wp-json\/wp\/v2\/tags?post=14122"}],"curies":[{"name":"wp","href":"https:\/\/api.w.org\/{rel}","templated":true}]}}