{"id":14125,"date":"2021-03-26T00:25:06","date_gmt":"2021-03-26T00:25:06","guid":{"rendered":"https:\/\/oparanews.com.br\/?p=14125"},"modified":"2021-03-26T00:25:06","modified_gmt":"2021-03-26T00:25:06","slug":"toyota-vai-suspender-a-producao-no-brasil-por-10-dias","status":"publish","type":"post","link":"https:\/\/www.oparanews.com.br\/index.php\/2021\/03\/26\/toyota-vai-suspender-a-producao-no-brasil-por-10-dias\/","title":{"rendered":"Toyota vai suspender a produ\u00e7\u00e3o no Brasil por 10 dias"},"content":{"rendered":"<p>A Toyota engrossou a fileira das montadoras que decidiram suspender a produ\u00e7\u00e3o de ve\u00edculos no Brasil por causa da pandemia de coronav\u00edrus. A partir de segunda-feira (29), as quatro f\u00e1bricas da Toyota, localizadas em S\u00e3o Bernardo do Campo (SP), Indaiatuba (SP), Sorocaba (SP) e Porto Feliz (SP), parar\u00e3o por at\u00e9 10 dias corridos.<\/p>\n<p>A Toyota do Brasil informa que tomou a decis\u00e3o em conjunto com os sindicatos locais. A medida tem como objetivo contribuir com a redu\u00e7\u00e3o de circula\u00e7\u00e3o de pessoas no momento mais cr\u00edtico da pandemia no pa\u00eds, al\u00e9m de atender a antecipa\u00e7\u00e3o de feriados por parte de autoridades em algumas dessas regi\u00f5es.<\/p>\n<p>As plantas de S\u00e3o Bernardo do Campo, Sorocaba e Porto Feliz t\u00eam retorno previsto para o dia 5 de abril, enquanto a unidade de Indaiatuba retornar\u00e1 no dia 6 de abril. Os colaboradores administrativos tamb\u00e9m respeitar\u00e3o a antecipa\u00e7\u00e3o dos feriados.<\/p>\n<p>Segundo uma nota divulgada pela empresa, &#8220;a Toyota do Brasil possui um total de 5.600 colaboradores em todo o pa\u00eds e continuar\u00e1 a agir avaliando a situa\u00e7\u00e3o momento a momento, seguindo as orienta\u00e7\u00f5es das autoridades locais e, principalmente, colocando a sa\u00fade e o bem-estar de seus colaboradores e de seus familiares em primeiro lugar\u201d.<\/p>\n<p>Al\u00e9m da Toyota, as seguintes empresas decidiram suspender a produ\u00e7\u00e3o pelo mesmo motivo: Nissan, Volkswagen, Mercedes-Benz, Scania e Volvo.<\/p>\n<p>&nbsp;<\/p>\n<p><strong>Fonte: Terra<\/strong><\/p>\n<p>&nbsp;<\/p>\n","protected":false},"excerpt":{"rendered":"<p>A Toyota engrossou a fileira das montadoras que decidiram suspender a produ\u00e7\u00e3o de ve\u00edculos no Brasil por causa da pandemia de coronav\u00edrus. A partir de segunda-feira (29), as quatro f\u00e1bricas da Toyota, localizadas em S\u00e3o Bernardo do Campo (SP), Indaiatuba (SP), Sorocaba (SP) e Porto Feliz (SP), parar\u00e3o por at\u00e9 10 dias corridos. A Toyota &hellip;<\/p>\n","protected":false},"author":1,"featured_media":14126,"comment_status":"closed","ping_status":"closed","sticky":false,"template":"","format":"standard","meta":{"_jetpack_newsletter_access":"","_jetpack_dont_email_post_to_subs":false,"_jetpack_newsletter_tier_id":0,"_jetpack_memberships_contains_paywalled_content":false,"_jetpack_memberships_contains_paid_content":false,"footnotes":""},"categories":[1],"tags":[],"class_list":["post-14125","post","type-post","status-publish","format-standard","has-post-thumbnail","hentry","category-destaque"],"jetpack_sharing_enabled":true,"jetpack_featured_media_url":"","_links":{"self":[{"href":"https:\/\/www.oparanews.com.br\/index.php\/wp-json\/wp\/v2\/posts\/14125","targetHints":{"allow":["GET"]}}],"collection":[{"href":"https:\/\/www.oparanews.com.br\/index.php\/wp-json\/wp\/v2\/posts"}],"about":[{"href":"https:\/\/www.oparanews.com.br\/index.php\/wp-json\/wp\/v2\/types\/post"}],"author":[{"embeddable":true,"href":"https:\/\/www.oparanews.com.br\/index.php\/wp-json\/wp\/v2\/users\/1"}],"replies":[{"embeddable":true,"href":"https:\/\/www.oparanews.com.br\/index.php\/wp-json\/wp\/v2\/comments?post=14125"}],"version-history":[{"count":0,"href":"https:\/\/www.oparanews.com.br\/index.php\/wp-json\/wp\/v2\/posts\/14125\/revisions"}],"wp:attachment":[{"href":"https:\/\/www.oparanews.com.br\/index.php\/wp-json\/wp\/v2\/media?parent=14125"}],"wp:term":[{"taxonomy":"category","embeddable":true,"href":"https:\/\/www.oparanews.com.br\/index.php\/wp-json\/wp\/v2\/categories?post=14125"},{"taxonomy":"post_tag","embeddable":true,"href":"https:\/\/www.oparanews.com.br\/index.php\/wp-json\/wp\/v2\/tags?post=14125"}],"curies":[{"name":"wp","href":"https:\/\/api.w.org\/{rel}","templated":true}]}}