{"id":14128,"date":"2021-03-26T00:28:49","date_gmt":"2021-03-26T00:28:49","guid":{"rendered":"https:\/\/oparanews.com.br\/?p=14128"},"modified":"2021-03-26T00:28:49","modified_gmt":"2021-03-26T00:28:49","slug":"ze-neto-fala-da-saude-de-cristiano-internado-com-covid-19","status":"publish","type":"post","link":"https:\/\/www.oparanews.com.br\/index.php\/2021\/03\/26\/ze-neto-fala-da-saude-de-cristiano-internado-com-covid-19\/","title":{"rendered":"Z\u00e9 Neto fala da sa\u00fade de Cristiano, internado com Covid-19"},"content":{"rendered":"<p>O cantor sertanejo Z\u00e9 Neto tranquilizou seus f\u00e3s ao falar um pouco sobre o estado de sa\u00fade de Cristiano, sua dupla na m\u00fasica, que est\u00e1 internado por conta da Covid-19.<\/p>\n<p>Ao responder perguntas de internautas, ele respondeu que o amigo est\u00e1 &#8220;apresentando sinais de melhoras&#8221;, apesar de estar com cerca de 30% do pulm\u00e3o comprometido.<\/p>\n<p>&#8220;O Cris est\u00e1 bem. Desde que ele foi internado ficou sem celular, mas falo com a esposa dele diariamente e ela falou que ele j\u00e1 est\u00e1 apresentando sintomas de melhora, ent\u00e3o estamos aqui rezando, na torcida. Infelizmente \u00e9 uma doen\u00e7a que n\u00e3o podemos fazer nada, a gente fica de m\u00e3os atadas. Ele foi internado porque a satura\u00e7\u00e3o dele chegou a 83 e o pulm\u00e3o dele est\u00e1 30% comprometido. Ele est\u00e1 no oxig\u00eanio ainda, a satura\u00e7\u00e3o dele j\u00e1 est\u00e1 entre 90, 91. O ideal \u00e9 96, acho. Ent\u00e3o j\u00e1 est\u00e1 normalizando e se Deus quiser logo logo ele est\u00e1 em casa&#8221;, explicou em alguns v\u00eddeos.<\/p>\n<p>Com 32 anos, o cantor foi internado na \u00faltima quarta-feira (24) em S\u00e3o Jos\u00e9 do Rio Preto, no inteiror de S\u00e3o Paulo.Cristiano revelou que testou positivo para a doen\u00e7a no dia 17 de mar\u00e7o. Al\u00e9m dele, sua mulher, os dois filhos do casal e a sogra do cantor tamb\u00e9m foram contaminados.<\/p>\n<p>&nbsp;<\/p>\n<p><strong>Fonte: Revista Quem<\/strong><\/p>\n<p>&nbsp;<\/p>\n","protected":false},"excerpt":{"rendered":"<p>O cantor sertanejo Z\u00e9 Neto tranquilizou seus f\u00e3s ao falar um pouco sobre o estado de sa\u00fade de Cristiano, sua dupla na m\u00fasica, que est\u00e1 internado por conta da Covid-19. Ao responder perguntas de internautas, ele respondeu que o amigo est\u00e1 &#8220;apresentando sinais de melhoras&#8221;, apesar de estar com cerca de 30% do pulm\u00e3o comprometido. &hellip;<\/p>\n","protected":false},"author":1,"featured_media":14129,"comment_status":"closed","ping_status":"closed","sticky":false,"template":"","format":"standard","meta":{"_jetpack_newsletter_access":"","_jetpack_dont_email_post_to_subs":false,"_jetpack_newsletter_tier_id":0,"_jetpack_memberships_contains_paywalled_content":false,"_jetpack_memberships_contains_paid_content":false,"footnotes":""},"categories":[1],"tags":[],"class_list":["post-14128","post","type-post","status-publish","format-standard","has-post-thumbnail","hentry","category-destaque"],"jetpack_sharing_enabled":true,"jetpack_featured_media_url":"","_links":{"self":[{"href":"https:\/\/www.oparanews.com.br\/index.php\/wp-json\/wp\/v2\/posts\/14128","targetHints":{"allow":["GET"]}}],"collection":[{"href":"https:\/\/www.oparanews.com.br\/index.php\/wp-json\/wp\/v2\/posts"}],"about":[{"href":"https:\/\/www.oparanews.com.br\/index.php\/wp-json\/wp\/v2\/types\/post"}],"author":[{"embeddable":true,"href":"https:\/\/www.oparanews.com.br\/index.php\/wp-json\/wp\/v2\/users\/1"}],"replies":[{"embeddable":true,"href":"https:\/\/www.oparanews.com.br\/index.php\/wp-json\/wp\/v2\/comments?post=14128"}],"version-history":[{"count":0,"href":"https:\/\/www.oparanews.com.br\/index.php\/wp-json\/wp\/v2\/posts\/14128\/revisions"}],"wp:attachment":[{"href":"https:\/\/www.oparanews.com.br\/index.php\/wp-json\/wp\/v2\/media?parent=14128"}],"wp:term":[{"taxonomy":"category","embeddable":true,"href":"https:\/\/www.oparanews.com.br\/index.php\/wp-json\/wp\/v2\/categories?post=14128"},{"taxonomy":"post_tag","embeddable":true,"href":"https:\/\/www.oparanews.com.br\/index.php\/wp-json\/wp\/v2\/tags?post=14128"}],"curies":[{"name":"wp","href":"https:\/\/api.w.org\/{rel}","templated":true}]}}