{"id":14134,"date":"2021-03-26T12:49:46","date_gmt":"2021-03-26T12:49:46","guid":{"rendered":"https:\/\/oparanews.com.br\/?p=14134"},"modified":"2021-03-26T12:49:46","modified_gmt":"2021-03-26T12:49:46","slug":"colisao-entre-carreta-e-caminhonete-deixa-uma-pessoa-morta-em-sao-sebastiao","status":"publish","type":"post","link":"https:\/\/www.oparanews.com.br\/index.php\/2021\/03\/26\/colisao-entre-carreta-e-caminhonete-deixa-uma-pessoa-morta-em-sao-sebastiao\/","title":{"rendered":"Colis\u00e3o entre carreta e caminhonete deixa uma pessoa morta em S\u00e3o Sebasti\u00e3o"},"content":{"rendered":"<p>Uma colis\u00e3o entre um carro e uma caminhonete deixou uma pessoa morta na noite de quinta-feira (25) na BR-101, em S\u00e3o Sebasti\u00e3o.<\/p>\n<p>De acordo com o Corpo de Bombeiros, o motorista da caminhonete ficou preso \u00e0s ferragens e n\u00e3o resistiu aos ferimentos.<\/p>\n<p>A Pol\u00edcia Rodovi\u00e1ria Federal (PRF) esteve no local e controlou o tr\u00e2nsito.<\/p>\n<p>Os institutos de Criminal\u00edstica (IC) e M\u00e9dico Legal (IML) estiveram no local e fizeram a per\u00edcia e recolheram o corpo da v\u00edtima.<\/p>\n<p>&nbsp;<\/p>\n<p><strong>Fonte: G1\/AL<\/strong><\/p>\n<p>&nbsp;<\/p>\n","protected":false},"excerpt":{"rendered":"<p>Uma colis\u00e3o entre um carro e uma caminhonete deixou uma pessoa morta na noite de quinta-feira (25) na BR-101, em S\u00e3o Sebasti\u00e3o. De acordo com o Corpo de Bombeiros, o motorista da caminhonete ficou preso \u00e0s ferragens e n\u00e3o resistiu aos ferimentos. A Pol\u00edcia Rodovi\u00e1ria Federal (PRF) esteve no local e controlou o tr\u00e2nsito. Os &hellip;<\/p>\n","protected":false},"author":1,"featured_media":14135,"comment_status":"closed","ping_status":"closed","sticky":false,"template":"","format":"standard","meta":{"_jetpack_newsletter_access":"","_jetpack_dont_email_post_to_subs":false,"_jetpack_newsletter_tier_id":0,"_jetpack_memberships_contains_paywalled_content":false,"_jetpack_memberships_contains_paid_content":false,"footnotes":""},"categories":[1],"tags":[],"class_list":["post-14134","post","type-post","status-publish","format-standard","has-post-thumbnail","hentry","category-destaque"],"jetpack_sharing_enabled":true,"jetpack_featured_media_url":"","_links":{"self":[{"href":"https:\/\/www.oparanews.com.br\/index.php\/wp-json\/wp\/v2\/posts\/14134","targetHints":{"allow":["GET"]}}],"collection":[{"href":"https:\/\/www.oparanews.com.br\/index.php\/wp-json\/wp\/v2\/posts"}],"about":[{"href":"https:\/\/www.oparanews.com.br\/index.php\/wp-json\/wp\/v2\/types\/post"}],"author":[{"embeddable":true,"href":"https:\/\/www.oparanews.com.br\/index.php\/wp-json\/wp\/v2\/users\/1"}],"replies":[{"embeddable":true,"href":"https:\/\/www.oparanews.com.br\/index.php\/wp-json\/wp\/v2\/comments?post=14134"}],"version-history":[{"count":0,"href":"https:\/\/www.oparanews.com.br\/index.php\/wp-json\/wp\/v2\/posts\/14134\/revisions"}],"wp:attachment":[{"href":"https:\/\/www.oparanews.com.br\/index.php\/wp-json\/wp\/v2\/media?parent=14134"}],"wp:term":[{"taxonomy":"category","embeddable":true,"href":"https:\/\/www.oparanews.com.br\/index.php\/wp-json\/wp\/v2\/categories?post=14134"},{"taxonomy":"post_tag","embeddable":true,"href":"https:\/\/www.oparanews.com.br\/index.php\/wp-json\/wp\/v2\/tags?post=14134"}],"curies":[{"name":"wp","href":"https:\/\/api.w.org\/{rel}","templated":true}]}}