{"id":14137,"date":"2021-03-26T13:05:22","date_gmt":"2021-03-26T13:05:22","guid":{"rendered":"https:\/\/oparanews.com.br\/?p=14137"},"modified":"2021-03-26T13:05:22","modified_gmt":"2021-03-26T13:05:22","slug":"butantan-pede-autorizacao-a-anvisa-para-testar-butanvac","status":"publish","type":"post","link":"https:\/\/www.oparanews.com.br\/index.php\/2021\/03\/26\/butantan-pede-autorizacao-a-anvisa-para-testar-butanvac\/","title":{"rendered":"Butantan pede autoriza\u00e7\u00e3o \u00e0 Anvisa para testar Butanvac"},"content":{"rendered":"<p>O presidente do Instituto Butantan, Dimas Covas, confirmou que o \u00f3rg\u00e3o pedir\u00e1 nesta sexta-feira autoriza\u00e7\u00e3o para iniciar os testes em humanos de uma potencial vacina contra a covid-19 desenvolvida integralmente pelo instituto ligado ao governo do Estado de S\u00e3o Paulo.<\/p>\n<p>Covas disse em entrevista coletiva na sede do Butantan que a expectativa \u00e9 que os testes com humanos com a vacina, batizada de Butanvac, comecem em abril. Tamb\u00e9m presente na coletiva, o governador de S\u00e3o Paulo, Jo\u00e3o Doria (PSDB), disse que os estudos em animais do potencial imunizante foram muito promissores.<\/p>\n<p>O presidente do Butantan tamb\u00e9m disse que a iniciativa da vacina pr\u00f3pria \u00e9 de um cons\u00f3rcio internacional liderado pelo instituto paulista e que a ideia \u00e9 fornec\u00ea-la a pa\u00edses de renda baixa e m\u00e9dia. Al\u00e9m do Butantan, no Brasil, institui\u00e7\u00f5es no Vietn\u00e3 e na Tail\u00e2ndia comp\u00f5em o cons\u00f3rcio.<\/p>\n<p>Covas disse ainda que o Butantan espera come\u00e7ar a produzir 40 milh\u00f5es de doses da Butanvac a partir de maio. Doria disse que a expectativa \u00e9 de uma r\u00e1pida aprova\u00e7\u00e3o dos testes pela Anvisa e que a vacina\u00e7\u00e3o com a vacina pr\u00f3pria do Butantan comece em julho.<\/p>\n<p>&nbsp;<\/p>\n<p><strong>Fonte: Terra<\/strong><\/p>\n<p>&nbsp;<\/p>\n","protected":false},"excerpt":{"rendered":"<p>O presidente do Instituto Butantan, Dimas Covas, confirmou que o \u00f3rg\u00e3o pedir\u00e1 nesta sexta-feira autoriza\u00e7\u00e3o para iniciar os testes em humanos de uma potencial vacina contra a covid-19 desenvolvida integralmente pelo instituto ligado ao governo do Estado de S\u00e3o Paulo. Covas disse em entrevista coletiva na sede do Butantan que a expectativa \u00e9 que os &hellip;<\/p>\n","protected":false},"author":1,"featured_media":14138,"comment_status":"closed","ping_status":"closed","sticky":false,"template":"","format":"standard","meta":{"_jetpack_newsletter_access":"","_jetpack_dont_email_post_to_subs":false,"_jetpack_newsletter_tier_id":0,"_jetpack_memberships_contains_paywalled_content":false,"_jetpack_memberships_contains_paid_content":false,"footnotes":""},"categories":[1],"tags":[],"class_list":["post-14137","post","type-post","status-publish","format-standard","has-post-thumbnail","hentry","category-destaque"],"jetpack_sharing_enabled":true,"jetpack_featured_media_url":"","_links":{"self":[{"href":"https:\/\/www.oparanews.com.br\/index.php\/wp-json\/wp\/v2\/posts\/14137","targetHints":{"allow":["GET"]}}],"collection":[{"href":"https:\/\/www.oparanews.com.br\/index.php\/wp-json\/wp\/v2\/posts"}],"about":[{"href":"https:\/\/www.oparanews.com.br\/index.php\/wp-json\/wp\/v2\/types\/post"}],"author":[{"embeddable":true,"href":"https:\/\/www.oparanews.com.br\/index.php\/wp-json\/wp\/v2\/users\/1"}],"replies":[{"embeddable":true,"href":"https:\/\/www.oparanews.com.br\/index.php\/wp-json\/wp\/v2\/comments?post=14137"}],"version-history":[{"count":0,"href":"https:\/\/www.oparanews.com.br\/index.php\/wp-json\/wp\/v2\/posts\/14137\/revisions"}],"wp:attachment":[{"href":"https:\/\/www.oparanews.com.br\/index.php\/wp-json\/wp\/v2\/media?parent=14137"}],"wp:term":[{"taxonomy":"category","embeddable":true,"href":"https:\/\/www.oparanews.com.br\/index.php\/wp-json\/wp\/v2\/categories?post=14137"},{"taxonomy":"post_tag","embeddable":true,"href":"https:\/\/www.oparanews.com.br\/index.php\/wp-json\/wp\/v2\/tags?post=14137"}],"curies":[{"name":"wp","href":"https:\/\/api.w.org\/{rel}","templated":true}]}}