{"id":14143,"date":"2021-03-26T13:15:39","date_gmt":"2021-03-26T13:15:39","guid":{"rendered":"https:\/\/oparanews.com.br\/?p=14143"},"modified":"2021-03-26T13:15:39","modified_gmt":"2021-03-26T13:15:39","slug":"milton-nascimento-recebe-1a-dose-da-vacina-contra-covid-19","status":"publish","type":"post","link":"https:\/\/www.oparanews.com.br\/index.php\/2021\/03\/26\/milton-nascimento-recebe-1a-dose-da-vacina-contra-covid-19\/","title":{"rendered":"Milton Nascimento recebe 1\u00aa dose da vacina contra covid-19"},"content":{"rendered":"<p>Ao som de Cora\u00e7\u00e3o de Estudante, Milton Nascimento recebeu a primeira dose da vacina contra o novo coronav\u00edrus. O cantor, de 78 anos, estava isolado esse tempo todo com o filho, Augusto, na cidade de Juiz de Fora, em Minas Gerais.<\/p>\n<p>No v\u00eddeo, publicado no Instagram, a profissional de sa\u00fade orienta o artista a abaixar o bra\u00e7o: &#8220;Pode ir?&#8221;, pergunta. &#8220;Pode&#8221;, responde Milton Nascimento.<\/p>\n<p>&#8220;Ah, que emo\u00e7\u00e3o, gente! Pronto&#8230;tudo bem? Certinho! Prazer, t\u00e1, meu querido, uma b\u00ean\u00e7\u00e3o falar com voc\u00ea&#8221;, disse a enfermeira ao oferecer a primeira etapa da imuniza\u00e7\u00e3o contra a covid-19.<\/p>\n<p>Na legenda das imagens, Milton Nascimento comemorou: &#8220;Vacinado! Viva a ci\u00eancia, viva o SUS e fora Bolsonaro!&#8221;.<\/p>\n<p>&nbsp;<\/p>\n<p><strong>Fonte: Terra<\/strong><\/p>\n<p>&nbsp;<\/p>\n","protected":false},"excerpt":{"rendered":"<p>Ao som de Cora\u00e7\u00e3o de Estudante, Milton Nascimento recebeu a primeira dose da vacina contra o novo coronav\u00edrus. O cantor, de 78 anos, estava isolado esse tempo todo com o filho, Augusto, na cidade de Juiz de Fora, em Minas Gerais. No v\u00eddeo, publicado no Instagram, a profissional de sa\u00fade orienta o artista a abaixar &hellip;<\/p>\n","protected":false},"author":1,"featured_media":14145,"comment_status":"closed","ping_status":"closed","sticky":false,"template":"","format":"standard","meta":{"_jetpack_newsletter_access":"","_jetpack_dont_email_post_to_subs":false,"_jetpack_newsletter_tier_id":0,"_jetpack_memberships_contains_paywalled_content":false,"_jetpack_memberships_contains_paid_content":false,"footnotes":""},"categories":[1],"tags":[],"class_list":["post-14143","post","type-post","status-publish","format-standard","has-post-thumbnail","hentry","category-destaque"],"jetpack_sharing_enabled":true,"jetpack_featured_media_url":"","_links":{"self":[{"href":"https:\/\/www.oparanews.com.br\/index.php\/wp-json\/wp\/v2\/posts\/14143","targetHints":{"allow":["GET"]}}],"collection":[{"href":"https:\/\/www.oparanews.com.br\/index.php\/wp-json\/wp\/v2\/posts"}],"about":[{"href":"https:\/\/www.oparanews.com.br\/index.php\/wp-json\/wp\/v2\/types\/post"}],"author":[{"embeddable":true,"href":"https:\/\/www.oparanews.com.br\/index.php\/wp-json\/wp\/v2\/users\/1"}],"replies":[{"embeddable":true,"href":"https:\/\/www.oparanews.com.br\/index.php\/wp-json\/wp\/v2\/comments?post=14143"}],"version-history":[{"count":0,"href":"https:\/\/www.oparanews.com.br\/index.php\/wp-json\/wp\/v2\/posts\/14143\/revisions"}],"wp:attachment":[{"href":"https:\/\/www.oparanews.com.br\/index.php\/wp-json\/wp\/v2\/media?parent=14143"}],"wp:term":[{"taxonomy":"category","embeddable":true,"href":"https:\/\/www.oparanews.com.br\/index.php\/wp-json\/wp\/v2\/categories?post=14143"},{"taxonomy":"post_tag","embeddable":true,"href":"https:\/\/www.oparanews.com.br\/index.php\/wp-json\/wp\/v2\/tags?post=14143"}],"curies":[{"name":"wp","href":"https:\/\/api.w.org\/{rel}","templated":true}]}}