{"id":14147,"date":"2021-03-26T13:22:37","date_gmt":"2021-03-26T13:22:37","guid":{"rendered":"https:\/\/oparanews.com.br\/?p=14147"},"modified":"2021-03-26T13:22:37","modified_gmt":"2021-03-26T13:22:37","slug":"flamengo-x-palmeiras-pode-contar-com-publico-reduzido","status":"publish","type":"post","link":"https:\/\/www.oparanews.com.br\/index.php\/2021\/03\/26\/flamengo-x-palmeiras-pode-contar-com-publico-reduzido\/","title":{"rendered":"Flamengo x Palmeiras pode contar com p\u00fablico reduzido"},"content":{"rendered":"<p>A Supercopa do Brasil entre Flamengo e Palmeiras acontecer\u00e1 no est\u00e1dio Man\u00e9 Garrincha, em Bras\u00edlia. Pelo menos \u00e9 isso o que garante Ibaneis Rocha (MDB), governador do Distrito Federal. O jogo est\u00e1 marcado para o dia 11 de abril, um domingo. &#8220;Vamos fazer&#8221;, cravou o pol\u00edtico ao ser questionado sobre a final entre os campe\u00f5es do Campeonato Brasileiro e da Copa do Brasil de 2020. A certeza do governador causa surpresa, uma vez que o pr\u00f3prio governo do Distrito Federal determinou a paralisa\u00e7\u00e3o do Estadual at\u00e9, pelo menos, o pr\u00f3ximo dia 30 conta da pandemia de covid-19.<\/p>\n<p>Ibaneis Rocha garantiu que a decis\u00e3o ter\u00e1 p\u00fablico. A ideia seria que o est\u00e1dio Man\u00e9 Garrincha recebesse 10% de sua capacidade, cerca de sete mil torcedores. As entradas seriam dadas aos profissionais da sa\u00fade, j\u00e1 vacinados, que combatem o novo coronav\u00edrus como forma de agradecimento ao empenho durante o combate \u00e0 pandemia.<\/p>\n<p><a href=\"https:\/\/oparanews.com.br\/wp-content\/uploads\/2021\/03\/Sem-t\u00edtulo-241.jpg\"><img loading=\"lazy\" decoding=\"async\" class=\"aligncenter size-full wp-image-14149\" src=\"https:\/\/oparanews.com.br\/wp-content\/uploads\/2021\/03\/Sem-t\u00edtulo-241.jpg\" alt=\"\" width=\"680\" height=\"818\" \/><\/a><\/p>\n<p>A a\u00e7\u00e3o, em conjunto com a Confedera\u00e7\u00e3o Brasileira de Futebol (CBF), seria uma c\u00f3pia do Super Bowl, a final do futebol americano. A NFL tamb\u00e9m deu 7.500 ingressos aos profissionais de sa\u00fade para a decis\u00e3o em Tampa, na Fl\u00f3rida, no in\u00edcio de fevereiro, entre Tampa Bay Buccaneers e Kansas City Chiefs.<\/p>\n<p>Se a CBF confirmar as palavras do governador, o Man\u00e9 Garrincha receber\u00e1 pela segunda vez seguida a Supercopa do Brasil, uma vez que foi palco para o t\u00edtulo do Flamengo sobre o Athletico-PR (3 a 0), no ano passado, diante de 50 mil torcedores.<\/p>\n<p>&nbsp;<\/p>\n<p><strong>Fonte: Terra<\/strong><\/p>\n<p>&nbsp;<\/p>\n","protected":false},"excerpt":{"rendered":"<p>A Supercopa do Brasil entre Flamengo e Palmeiras acontecer\u00e1 no est\u00e1dio Man\u00e9 Garrincha, em Bras\u00edlia. Pelo menos \u00e9 isso o que garante Ibaneis Rocha (MDB), governador do Distrito Federal. O jogo est\u00e1 marcado para o dia 11 de abril, um domingo. &#8220;Vamos fazer&#8221;, cravou o pol\u00edtico ao ser questionado sobre a final entre os campe\u00f5es &hellip;<\/p>\n","protected":false},"author":1,"featured_media":14148,"comment_status":"closed","ping_status":"closed","sticky":false,"template":"","format":"standard","meta":{"_jetpack_newsletter_access":"","_jetpack_dont_email_post_to_subs":false,"_jetpack_newsletter_tier_id":0,"_jetpack_memberships_contains_paywalled_content":false,"_jetpack_memberships_contains_paid_content":false,"footnotes":""},"categories":[1],"tags":[],"class_list":["post-14147","post","type-post","status-publish","format-standard","has-post-thumbnail","hentry","category-destaque"],"jetpack_sharing_enabled":true,"jetpack_featured_media_url":"","_links":{"self":[{"href":"https:\/\/www.oparanews.com.br\/index.php\/wp-json\/wp\/v2\/posts\/14147","targetHints":{"allow":["GET"]}}],"collection":[{"href":"https:\/\/www.oparanews.com.br\/index.php\/wp-json\/wp\/v2\/posts"}],"about":[{"href":"https:\/\/www.oparanews.com.br\/index.php\/wp-json\/wp\/v2\/types\/post"}],"author":[{"embeddable":true,"href":"https:\/\/www.oparanews.com.br\/index.php\/wp-json\/wp\/v2\/users\/1"}],"replies":[{"embeddable":true,"href":"https:\/\/www.oparanews.com.br\/index.php\/wp-json\/wp\/v2\/comments?post=14147"}],"version-history":[{"count":0,"href":"https:\/\/www.oparanews.com.br\/index.php\/wp-json\/wp\/v2\/posts\/14147\/revisions"}],"wp:attachment":[{"href":"https:\/\/www.oparanews.com.br\/index.php\/wp-json\/wp\/v2\/media?parent=14147"}],"wp:term":[{"taxonomy":"category","embeddable":true,"href":"https:\/\/www.oparanews.com.br\/index.php\/wp-json\/wp\/v2\/categories?post=14147"},{"taxonomy":"post_tag","embeddable":true,"href":"https:\/\/www.oparanews.com.br\/index.php\/wp-json\/wp\/v2\/tags?post=14147"}],"curies":[{"name":"wp","href":"https:\/\/api.w.org\/{rel}","templated":true}]}}