{"id":14151,"date":"2021-03-26T15:16:41","date_gmt":"2021-03-26T15:16:41","guid":{"rendered":"https:\/\/oparanews.com.br\/?p=14151"},"modified":"2021-03-26T15:16:41","modified_gmt":"2021-03-26T15:16:41","slug":"prefeitura-de-penedo-refinancia-debitos-para-contribuintes","status":"publish","type":"post","link":"https:\/\/www.oparanews.com.br\/index.php\/2021\/03\/26\/prefeitura-de-penedo-refinancia-debitos-para-contribuintes\/","title":{"rendered":"Prefeitura de Penedo refinancia d\u00e9bitos para contribuintes"},"content":{"rendered":"<p>A Prefeitura de Penedo publicou no Di\u00e1rio Oficial do Munic\u00edpio a Lei n\u00ba 1713\/2021, que institui o Programa de Refinanciamento de tributos inscritos ou n\u00e3o em D\u00edvida Ativa, denominado REFIS.<\/p>\n<p>A lei assinada pelo Prefeito Ronaldo Lopes promove a regulariza\u00e7\u00e3o de d\u00e9bitos tribut\u00e1rios, inclusive os inscritos na D\u00edvida Ativa do Munic\u00edpio.<\/p>\n<p>Os contribuintes em d\u00e9bito com impostos municipais poder\u00e3o quitar a d\u00edvida com descontos de at\u00e9 80% no valor dos juros e da multa. Tamb\u00e9m \u00e9 poss\u00edvel parcelar o pagamento em at\u00e9 24 parcelas.<\/p>\n<p>De acordo com a Lei 1713, est\u00e3o inclusos no REFIS 2021 os d\u00e9bitos de contribuintes em fase de execu\u00e7\u00e3o fiscal j\u00e1 ajuizada ou objeto de parcelamento, que n\u00e3o foram totalmente pagos ou cancelados por aus\u00eancia de quita\u00e7\u00e3o de parcela.<\/p>\n<p><a href=\"https:\/\/penedo.al.gov.br\/2020\/12\/02\/sefaz-penedo-lanca-calendario-fiscal-para-2021\/\">O ingresso no programa de refinanciamento de tributos se d\u00e1 por op\u00e7\u00e3o do contribuinte mediante requerimento protocolado na Superintend\u00eancia fazend\u00e1ria, vinculada \u00e0 Secretaria Municipal da Fazenda (SEMFAZ).<\/a><\/p>\n<p>O contribuinte que aderir ao REFIS n\u00e3o poder\u00e1 deixar de pagar tr\u00eas parcelas consecutivas ou qualquer uma por mais de 60 dias. Caso contr\u00e1rio, perder\u00e1 os benef\u00edcios do programa.<\/p>\n<p>Para ter acesso ao REFIS 2021, o interessado dever\u00e1 solicitar na Superintend\u00eancia Fazend\u00e1ria do Munic\u00edpio da SEMFAZ Penedo, localizada na Avenida Get\u00falio Vargas, n\u00ba 289, das 8h00 \u00e0s 13h30.<\/p>\n<p>A solicita\u00e7\u00e3o tamb\u00e9m pode ser feita por meio do endere\u00e7o oficial <a href=\"https:\/\/www.penedo.al.gov.br\/\"><strong>www.penedo.al.gov.br<\/strong><\/a> no ambiente Portal do Contribuinte.<\/p>\n<p>A Lei Municipal n\u00ba 1713\/2021 pode ser visualizado por meio do seguinte link.<\/p>\n<p>&nbsp;<\/p>\n<p><strong>por Thiago Sobral \u2013 Decom PMP<\/strong><\/p>\n<p>&nbsp;<\/p>\n","protected":false},"excerpt":{"rendered":"<p>A Prefeitura de Penedo publicou no Di\u00e1rio Oficial do Munic\u00edpio a Lei n\u00ba 1713\/2021, que institui o Programa de Refinanciamento de tributos inscritos ou n\u00e3o em D\u00edvida Ativa, denominado REFIS. A lei assinada pelo Prefeito Ronaldo Lopes promove a regulariza\u00e7\u00e3o de d\u00e9bitos tribut\u00e1rios, inclusive os inscritos na D\u00edvida Ativa do Munic\u00edpio. Os contribuintes em d\u00e9bito &hellip;<\/p>\n","protected":false},"author":1,"featured_media":14152,"comment_status":"closed","ping_status":"closed","sticky":false,"template":"","format":"standard","meta":{"_jetpack_newsletter_access":"","_jetpack_dont_email_post_to_subs":false,"_jetpack_newsletter_tier_id":0,"_jetpack_memberships_contains_paywalled_content":false,"_jetpack_memberships_contains_paid_content":false,"footnotes":""},"categories":[1],"tags":[],"class_list":["post-14151","post","type-post","status-publish","format-standard","has-post-thumbnail","hentry","category-destaque"],"jetpack_sharing_enabled":true,"jetpack_featured_media_url":"","_links":{"self":[{"href":"https:\/\/www.oparanews.com.br\/index.php\/wp-json\/wp\/v2\/posts\/14151","targetHints":{"allow":["GET"]}}],"collection":[{"href":"https:\/\/www.oparanews.com.br\/index.php\/wp-json\/wp\/v2\/posts"}],"about":[{"href":"https:\/\/www.oparanews.com.br\/index.php\/wp-json\/wp\/v2\/types\/post"}],"author":[{"embeddable":true,"href":"https:\/\/www.oparanews.com.br\/index.php\/wp-json\/wp\/v2\/users\/1"}],"replies":[{"embeddable":true,"href":"https:\/\/www.oparanews.com.br\/index.php\/wp-json\/wp\/v2\/comments?post=14151"}],"version-history":[{"count":0,"href":"https:\/\/www.oparanews.com.br\/index.php\/wp-json\/wp\/v2\/posts\/14151\/revisions"}],"wp:attachment":[{"href":"https:\/\/www.oparanews.com.br\/index.php\/wp-json\/wp\/v2\/media?parent=14151"}],"wp:term":[{"taxonomy":"category","embeddable":true,"href":"https:\/\/www.oparanews.com.br\/index.php\/wp-json\/wp\/v2\/categories?post=14151"},{"taxonomy":"post_tag","embeddable":true,"href":"https:\/\/www.oparanews.com.br\/index.php\/wp-json\/wp\/v2\/tags?post=14151"}],"curies":[{"name":"wp","href":"https:\/\/api.w.org\/{rel}","templated":true}]}}