{"id":14163,"date":"2021-03-27T12:54:33","date_gmt":"2021-03-27T12:54:33","guid":{"rendered":"https:\/\/oparanews.com.br\/?p=14163"},"modified":"2021-03-27T12:54:33","modified_gmt":"2021-03-27T12:54:33","slug":"central-de-vacinacao-contra-covid-19-funcionara-domingo-28-em-penedo","status":"publish","type":"post","link":"https:\/\/www.oparanews.com.br\/index.php\/2021\/03\/27\/central-de-vacinacao-contra-covid-19-funcionara-domingo-28-em-penedo\/","title":{"rendered":"Central de Vacina\u00e7\u00e3o contra Covid-19 funcionar\u00e1 domingo (28) em Penedo"},"content":{"rendered":"<p>A Secretaria Municipal de Sa\u00fade (SEMS) da Prefeitura de Penedo informa que a Central de Vacina\u00e7\u00e3o contra Covid-19 n\u00e3o funcionar\u00e1 nesse s\u00e1bado (27).<\/p>\n<p>Por\u00e9m abrir\u00e1 no domingo 28 de mar\u00e7o, vacinando idosos a partir de 65 anos e profissionais de sa\u00fade na faixa et\u00e1ria de 45 a 49 anos.<\/p>\n<p>A vacina\u00e7\u00e3o ser\u00e1 realizada na Central de Vacina\u00e7\u00e3o localizada na Escola Ernani M\u00e9ro, das 8h \u00e0s 17h, prosseguindo nos dias seguintes.<\/p>\n<p>S\u00e3o 780 novas doses recebidas pelo munic\u00edpio, o que permitiu a inclus\u00e3o de mais uma faixa et\u00e1ria.<\/p>\n<p>Com o recebimento de novas doses por parte da Secretaria de Sa\u00fade de Penedo do imunizante contra o novo coronav\u00edrus, o munic\u00edpio prossegue com a vacina\u00e7\u00e3o do p\u00fablico-alvo da campanha.<\/p>\n<p><strong>Record de vacina\u00e7\u00e3o<\/strong><\/p>\n<p>Na ultima quarta-feira (24) mais de 700 idosos foram vacinados. At\u00e9 agora j\u00e1 foram vacinados 5444 pessoas entre idosos e profissionais da \u00e1rea da sa\u00fade.<\/p>\n<p>Al\u00e9m da Central de Vacina\u00e7\u00e3o, a gest\u00e3o Crescendo Com Seu Povo disponibiliza a vacina em domic\u00edlio para pessoas acamadas ou que n\u00e3o t\u00eam condi\u00e7\u00f5es de se locomover.<\/p>\n<p>A Prefeitura de Penedo tamb\u00e9m oferta o transporte dos idosos que residem na zona rural, para receber a vacina.<\/p>\n<p>&nbsp;<\/p>\n<p><strong>por Thiago Sobral &#8211; Decom\/ PMP<\/strong><\/p>\n<p>&nbsp;<\/p>\n","protected":false},"excerpt":{"rendered":"<p>A Secretaria Municipal de Sa\u00fade (SEMS) da Prefeitura de Penedo informa que a Central de Vacina\u00e7\u00e3o contra Covid-19 n\u00e3o funcionar\u00e1 nesse s\u00e1bado (27). Por\u00e9m abrir\u00e1 no domingo 28 de mar\u00e7o, vacinando idosos a partir de 65 anos e profissionais de sa\u00fade na faixa et\u00e1ria de 45 a 49 anos. A vacina\u00e7\u00e3o ser\u00e1 realizada na Central &hellip;<\/p>\n","protected":false},"author":1,"featured_media":14164,"comment_status":"closed","ping_status":"closed","sticky":false,"template":"","format":"standard","meta":{"_jetpack_newsletter_access":"","_jetpack_dont_email_post_to_subs":false,"_jetpack_newsletter_tier_id":0,"_jetpack_memberships_contains_paywalled_content":false,"_jetpack_memberships_contains_paid_content":false,"footnotes":""},"categories":[1],"tags":[],"class_list":["post-14163","post","type-post","status-publish","format-standard","has-post-thumbnail","hentry","category-destaque"],"jetpack_sharing_enabled":true,"jetpack_featured_media_url":"","_links":{"self":[{"href":"https:\/\/www.oparanews.com.br\/index.php\/wp-json\/wp\/v2\/posts\/14163","targetHints":{"allow":["GET"]}}],"collection":[{"href":"https:\/\/www.oparanews.com.br\/index.php\/wp-json\/wp\/v2\/posts"}],"about":[{"href":"https:\/\/www.oparanews.com.br\/index.php\/wp-json\/wp\/v2\/types\/post"}],"author":[{"embeddable":true,"href":"https:\/\/www.oparanews.com.br\/index.php\/wp-json\/wp\/v2\/users\/1"}],"replies":[{"embeddable":true,"href":"https:\/\/www.oparanews.com.br\/index.php\/wp-json\/wp\/v2\/comments?post=14163"}],"version-history":[{"count":0,"href":"https:\/\/www.oparanews.com.br\/index.php\/wp-json\/wp\/v2\/posts\/14163\/revisions"}],"wp:attachment":[{"href":"https:\/\/www.oparanews.com.br\/index.php\/wp-json\/wp\/v2\/media?parent=14163"}],"wp:term":[{"taxonomy":"category","embeddable":true,"href":"https:\/\/www.oparanews.com.br\/index.php\/wp-json\/wp\/v2\/categories?post=14163"},{"taxonomy":"post_tag","embeddable":true,"href":"https:\/\/www.oparanews.com.br\/index.php\/wp-json\/wp\/v2\/tags?post=14163"}],"curies":[{"name":"wp","href":"https:\/\/api.w.org\/{rel}","templated":true}]}}