{"id":14169,"date":"2021-03-27T19:02:28","date_gmt":"2021-03-27T19:02:28","guid":{"rendered":"https:\/\/oparanews.com.br\/?p=14169"},"modified":"2021-03-27T19:02:28","modified_gmt":"2021-03-27T19:02:28","slug":"mae-do-padre-fabio-de-melo-morre-de-covid-19","status":"publish","type":"post","link":"https:\/\/www.oparanews.com.br\/index.php\/2021\/03\/27\/mae-do-padre-fabio-de-melo-morre-de-covid-19\/","title":{"rendered":"M\u00e3e do padre F\u00e1bio de Melo morre de Covid-19"},"content":{"rendered":"<p>Dona Ana Maria, m\u00e3e do padre F\u00e1bio de Melo, morreu neste s\u00e1bado (27), aos 83 anos, v\u00edtima da Covid-19. Ela estava internada desde o dia 15 de mar\u00e7o em Uberl\u00e2ndia (MG), sua cidade natal.<\/p>\n<p>A informa\u00e7\u00e3o foi divulgada pelo padre F\u00e1bio de Melo que fez uma homenagem \u00e0 m\u00e3e nas redes sociais. \u201cA mim resta a dor t\u00e9rrea, o ferimento que rasga o corpo e a alma (\u2026) Nossa simbiose reuniu as regras do nascer e do morrer. Obrigado, minha dona Ana\u201d, escreveu.<\/p>\n<p>&nbsp;<\/p>\n<p><strong>Fonte: ISTO\u00c9 Gente<\/strong><\/p>\n<p>&nbsp;<\/p>\n","protected":false},"excerpt":{"rendered":"<p>Dona Ana Maria, m\u00e3e do padre F\u00e1bio de Melo, morreu neste s\u00e1bado (27), aos 83 anos, v\u00edtima da Covid-19. Ela estava internada desde o dia 15 de mar\u00e7o em Uberl\u00e2ndia (MG), sua cidade natal. A informa\u00e7\u00e3o foi divulgada pelo padre F\u00e1bio de Melo que fez uma homenagem \u00e0 m\u00e3e nas redes sociais. \u201cA mim resta &hellip;<\/p>\n","protected":false},"author":1,"featured_media":14170,"comment_status":"closed","ping_status":"closed","sticky":false,"template":"","format":"standard","meta":{"_jetpack_newsletter_access":"","_jetpack_dont_email_post_to_subs":false,"_jetpack_newsletter_tier_id":0,"_jetpack_memberships_contains_paywalled_content":false,"_jetpack_memberships_contains_paid_content":false,"footnotes":""},"categories":[1],"tags":[],"class_list":["post-14169","post","type-post","status-publish","format-standard","has-post-thumbnail","hentry","category-destaque"],"jetpack_sharing_enabled":true,"jetpack_featured_media_url":"","_links":{"self":[{"href":"https:\/\/www.oparanews.com.br\/index.php\/wp-json\/wp\/v2\/posts\/14169","targetHints":{"allow":["GET"]}}],"collection":[{"href":"https:\/\/www.oparanews.com.br\/index.php\/wp-json\/wp\/v2\/posts"}],"about":[{"href":"https:\/\/www.oparanews.com.br\/index.php\/wp-json\/wp\/v2\/types\/post"}],"author":[{"embeddable":true,"href":"https:\/\/www.oparanews.com.br\/index.php\/wp-json\/wp\/v2\/users\/1"}],"replies":[{"embeddable":true,"href":"https:\/\/www.oparanews.com.br\/index.php\/wp-json\/wp\/v2\/comments?post=14169"}],"version-history":[{"count":0,"href":"https:\/\/www.oparanews.com.br\/index.php\/wp-json\/wp\/v2\/posts\/14169\/revisions"}],"wp:attachment":[{"href":"https:\/\/www.oparanews.com.br\/index.php\/wp-json\/wp\/v2\/media?parent=14169"}],"wp:term":[{"taxonomy":"category","embeddable":true,"href":"https:\/\/www.oparanews.com.br\/index.php\/wp-json\/wp\/v2\/categories?post=14169"},{"taxonomy":"post_tag","embeddable":true,"href":"https:\/\/www.oparanews.com.br\/index.php\/wp-json\/wp\/v2\/tags?post=14169"}],"curies":[{"name":"wp","href":"https:\/\/api.w.org\/{rel}","templated":true}]}}