{"id":14172,"date":"2021-03-27T19:07:59","date_gmt":"2021-03-27T19:07:59","guid":{"rendered":"https:\/\/oparanews.com.br\/?p=14172"},"modified":"2021-03-27T19:07:59","modified_gmt":"2021-03-27T19:07:59","slug":"covid-19-ana-maria-braga-recebe-primeira-dose-da-vacina","status":"publish","type":"post","link":"https:\/\/www.oparanews.com.br\/index.php\/2021\/03\/27\/covid-19-ana-maria-braga-recebe-primeira-dose-da-vacina\/","title":{"rendered":"Covid-19: Ana Maria Braga recebe primeira dose da vacina"},"content":{"rendered":"<p>A apresentadora do Mais Voc\u00ea, da TV Globo, usou as redes sociais nesta sexta-feira, 26, para comemorar o fato de receber a primeira dose da vacina contra o novo coronav\u00edrus. Ana Maria Braga tem 71 anos e participou da primeira etapa da imuniza\u00e7\u00e3o para a faixa et\u00e1ria dela em S\u00e3o Paulo, capital.<\/p>\n<p>&#8220;Vacinada! Hoje come\u00e7a a vacina\u00e7\u00e3o de 69 a 71 anos pelo SUS!&#8221;, escreveu a apresentadora na legenda da foto em que aparece de m\u00e1scara, recebendo a vacina.<\/p>\n<p>No dia seguinte, Ana Maria Braga publicou a costumeira mensagem do dia nas redes sociais: &#8220;Um bom exemplo \u00e9 o melhor serm\u00e3o. Fa\u00e7a o que eu fa\u00e7o! Bom dia!&#8221;.<\/p>\n<p>Desde o in\u00edcio da pandemia do novo coronav\u00edrus, em mar\u00e7o de 2020, a apresentadora do Mais Voc\u00ea sempre atualiza os n\u00fameros relacionados \u00e0 covid-19 durante o programa e destaca a import\u00e2ncia de se manter protegido o m\u00e1ximo poss\u00edvel.<\/p>\n<p>&nbsp;<\/p>\n<p><strong>Fonte: Terra<\/strong><\/p>\n<p>&nbsp;<\/p>\n","protected":false},"excerpt":{"rendered":"<p>A apresentadora do Mais Voc\u00ea, da TV Globo, usou as redes sociais nesta sexta-feira, 26, para comemorar o fato de receber a primeira dose da vacina contra o novo coronav\u00edrus. Ana Maria Braga tem 71 anos e participou da primeira etapa da imuniza\u00e7\u00e3o para a faixa et\u00e1ria dela em S\u00e3o Paulo, capital. &#8220;Vacinada! Hoje come\u00e7a &hellip;<\/p>\n","protected":false},"author":1,"featured_media":14173,"comment_status":"closed","ping_status":"closed","sticky":false,"template":"","format":"standard","meta":{"_jetpack_newsletter_access":"","_jetpack_dont_email_post_to_subs":false,"_jetpack_newsletter_tier_id":0,"_jetpack_memberships_contains_paywalled_content":false,"_jetpack_memberships_contains_paid_content":false,"footnotes":""},"categories":[1],"tags":[],"class_list":["post-14172","post","type-post","status-publish","format-standard","has-post-thumbnail","hentry","category-destaque"],"jetpack_sharing_enabled":true,"jetpack_featured_media_url":"","_links":{"self":[{"href":"https:\/\/www.oparanews.com.br\/index.php\/wp-json\/wp\/v2\/posts\/14172","targetHints":{"allow":["GET"]}}],"collection":[{"href":"https:\/\/www.oparanews.com.br\/index.php\/wp-json\/wp\/v2\/posts"}],"about":[{"href":"https:\/\/www.oparanews.com.br\/index.php\/wp-json\/wp\/v2\/types\/post"}],"author":[{"embeddable":true,"href":"https:\/\/www.oparanews.com.br\/index.php\/wp-json\/wp\/v2\/users\/1"}],"replies":[{"embeddable":true,"href":"https:\/\/www.oparanews.com.br\/index.php\/wp-json\/wp\/v2\/comments?post=14172"}],"version-history":[{"count":0,"href":"https:\/\/www.oparanews.com.br\/index.php\/wp-json\/wp\/v2\/posts\/14172\/revisions"}],"wp:attachment":[{"href":"https:\/\/www.oparanews.com.br\/index.php\/wp-json\/wp\/v2\/media?parent=14172"}],"wp:term":[{"taxonomy":"category","embeddable":true,"href":"https:\/\/www.oparanews.com.br\/index.php\/wp-json\/wp\/v2\/categories?post=14172"},{"taxonomy":"post_tag","embeddable":true,"href":"https:\/\/www.oparanews.com.br\/index.php\/wp-json\/wp\/v2\/tags?post=14172"}],"curies":[{"name":"wp","href":"https:\/\/api.w.org\/{rel}","templated":true}]}}