{"id":14175,"date":"2021-03-27T19:10:50","date_gmt":"2021-03-27T19:10:50","guid":{"rendered":"https:\/\/oparanews.com.br\/?p=14175"},"modified":"2021-03-27T19:10:50","modified_gmt":"2021-03-27T19:10:50","slug":"sp-registra-mais-de-mil-mortes-em-24h-pela-3a-vez","status":"publish","type":"post","link":"https:\/\/www.oparanews.com.br\/index.php\/2021\/03\/27\/sp-registra-mais-de-mil-mortes-em-24h-pela-3a-vez\/","title":{"rendered":"SP registra mais de mil mortes em 24h pela 3\u00aa vez"},"content":{"rendered":"<p>A Secretaria Estadual da Sa\u00fade de S\u00e3o Paulo confirmou 1.051 mortes por covid-19 em 24 horas neste s\u00e1bado, 27. Esta \u00e9 a terceira vez nesta semana que os munic\u00edpios paulistas somados registram mais de mil \u00f3bitos pelo novo coronav\u00edrus em um mesmo dia.<\/p>\n<p>Segundo o governo estadual, o n\u00famero se deve em parte ao represamento de dados causado por mudan\u00e7as no sistema de notifica\u00e7\u00e3o federal. A m\u00e9dia m\u00f3vel desta semana (calculada a partir dos registros dos \u00faltimos sete dias) \u00e9 de 618 mortes.<\/p>\n<p>&#8220;Devido \u00e0 altera\u00e7\u00e3o dos crit\u00e9rios de notifica\u00e7\u00e3o por S\u00edndrome Respirat\u00f3ria Aguda Grave (SRAG) no SIVEP, que dificultaram registros e desencadearam oscila\u00e7\u00f5es nos dados di\u00e1rios no decorrer desta semana, mesmo com o cancelamento destas mudan\u00e7as no dia 24 pelo Minist\u00e9rio da Sa\u00fade&#8221;, destacou o governo Jo\u00e3o Doria (PSDB) em nota.<\/p>\n<p>Ao todo, o Estado tem 2.410.498 casos, 71.747 \u00f3bitos e 240.087 interna\u00e7\u00f5es de pacientes por covid-19. Na sexta-feira, 26, 30.549 mil pessoas estavam hospitalizadas, das quais 12.674 em leitos de UTI.<\/p>\n<p>Em interna\u00e7\u00f5es, o Estado est\u00e1 h\u00e1 mais de um m\u00eas com aumentos consecutivos na m\u00e9dia m\u00f3vel de interna\u00e7\u00f5es, que foi 3.398 na sexta. H\u00e1 fila de espera por leitos. As taxas de ocupa\u00e7\u00e3o s\u00e3o de 92,4% na terapia intensiva e de 83,5% em enfermaria.<\/p>\n<p>&nbsp;<\/p>\n<p><strong>Fonte: Terra<\/strong><\/p>\n<p>&nbsp;<\/p>\n","protected":false},"excerpt":{"rendered":"<p>A Secretaria Estadual da Sa\u00fade de S\u00e3o Paulo confirmou 1.051 mortes por covid-19 em 24 horas neste s\u00e1bado, 27. Esta \u00e9 a terceira vez nesta semana que os munic\u00edpios paulistas somados registram mais de mil \u00f3bitos pelo novo coronav\u00edrus em um mesmo dia. Segundo o governo estadual, o n\u00famero se deve em parte ao represamento &hellip;<\/p>\n","protected":false},"author":1,"featured_media":14176,"comment_status":"closed","ping_status":"closed","sticky":false,"template":"","format":"standard","meta":{"_jetpack_newsletter_access":"","_jetpack_dont_email_post_to_subs":false,"_jetpack_newsletter_tier_id":0,"_jetpack_memberships_contains_paywalled_content":false,"_jetpack_memberships_contains_paid_content":false,"footnotes":""},"categories":[1],"tags":[],"class_list":["post-14175","post","type-post","status-publish","format-standard","has-post-thumbnail","hentry","category-destaque"],"jetpack_sharing_enabled":true,"jetpack_featured_media_url":"","_links":{"self":[{"href":"https:\/\/www.oparanews.com.br\/index.php\/wp-json\/wp\/v2\/posts\/14175","targetHints":{"allow":["GET"]}}],"collection":[{"href":"https:\/\/www.oparanews.com.br\/index.php\/wp-json\/wp\/v2\/posts"}],"about":[{"href":"https:\/\/www.oparanews.com.br\/index.php\/wp-json\/wp\/v2\/types\/post"}],"author":[{"embeddable":true,"href":"https:\/\/www.oparanews.com.br\/index.php\/wp-json\/wp\/v2\/users\/1"}],"replies":[{"embeddable":true,"href":"https:\/\/www.oparanews.com.br\/index.php\/wp-json\/wp\/v2\/comments?post=14175"}],"version-history":[{"count":0,"href":"https:\/\/www.oparanews.com.br\/index.php\/wp-json\/wp\/v2\/posts\/14175\/revisions"}],"wp:attachment":[{"href":"https:\/\/www.oparanews.com.br\/index.php\/wp-json\/wp\/v2\/media?parent=14175"}],"wp:term":[{"taxonomy":"category","embeddable":true,"href":"https:\/\/www.oparanews.com.br\/index.php\/wp-json\/wp\/v2\/categories?post=14175"},{"taxonomy":"post_tag","embeddable":true,"href":"https:\/\/www.oparanews.com.br\/index.php\/wp-json\/wp\/v2\/tags?post=14175"}],"curies":[{"name":"wp","href":"https:\/\/api.w.org\/{rel}","templated":true}]}}