{"id":14190,"date":"2021-03-28T14:05:31","date_gmt":"2021-03-28T14:05:31","guid":{"rendered":"https:\/\/oparanews.com.br\/?p=14190"},"modified":"2021-03-28T14:05:31","modified_gmt":"2021-03-28T14:05:31","slug":"vereador-rodrigo-regueira-requer-construcao-de-praca-e-instalacao-de-quebra-molas","status":"publish","type":"post","link":"https:\/\/www.oparanews.com.br\/index.php\/2021\/03\/28\/vereador-rodrigo-regueira-requer-construcao-de-praca-e-instalacao-de-quebra-molas\/","title":{"rendered":"Vereador Rodrigo Regueira requer constru\u00e7\u00e3o de pra\u00e7a e instala\u00e7\u00e3o de quebra-molas"},"content":{"rendered":"<p>Na \u00faltima sess\u00e3o ordin\u00e1ria da C\u00e2mara Municipal de Penedo, realizada no dia 25 de mar\u00e7o, o vereador Rodrigo Regueira apresentou dois requerimentos em prol da popula\u00e7\u00e3o penedense.<\/p>\n<p>O primeiro requerimento apresentado requer provid\u00eancias junto a Secretaria Municipal de Transporte e Tr\u00e2nsito que seja feita a instala\u00e7\u00e3o de dois quebra-molas na via principal do Conjunto Vale do S\u00e3o Francisco com o objetivo de reduzir a velocidade dos ve\u00edculos que ali cirlulam, protegendo assim os pedestres de poss\u00edveis acidentes.<\/p>\n<p>O outro requerimento apresentado pelo vereador solicitar junto ao Prefeito de Penedo Ronaldo Lopes provid\u00eancias no sentido de realizar a constru\u00e7\u00e3o de uma pra\u00e7a no Conjunto Marisa Let\u00edcia, residencial que j\u00e1 existe h\u00e1 v\u00e1rios anos e n\u00e3o possui nenhuma \u00e1rea p\u00fablica destinada a momentos de descontra\u00e7\u00e3o de seus moradores.<\/p>\n<p>&nbsp;<\/p>\n<p><strong>por Reda\u00e7\u00e3o<\/strong><\/p>\n<p>&nbsp;<\/p>\n","protected":false},"excerpt":{"rendered":"<p>Na \u00faltima sess\u00e3o ordin\u00e1ria da C\u00e2mara Municipal de Penedo, realizada no dia 25 de mar\u00e7o, o vereador Rodrigo Regueira apresentou dois requerimentos em prol da popula\u00e7\u00e3o penedense. O primeiro requerimento apresentado requer provid\u00eancias junto a Secretaria Municipal de Transporte e Tr\u00e2nsito que seja feita a instala\u00e7\u00e3o de dois quebra-molas na via principal do Conjunto Vale &hellip;<\/p>\n","protected":false},"author":1,"featured_media":14191,"comment_status":"closed","ping_status":"closed","sticky":false,"template":"","format":"standard","meta":{"_jetpack_newsletter_access":"","_jetpack_dont_email_post_to_subs":false,"_jetpack_newsletter_tier_id":0,"_jetpack_memberships_contains_paywalled_content":false,"_jetpack_memberships_contains_paid_content":false,"footnotes":""},"categories":[1],"tags":[],"class_list":["post-14190","post","type-post","status-publish","format-standard","has-post-thumbnail","hentry","category-destaque"],"jetpack_sharing_enabled":true,"jetpack_featured_media_url":"","_links":{"self":[{"href":"https:\/\/www.oparanews.com.br\/index.php\/wp-json\/wp\/v2\/posts\/14190","targetHints":{"allow":["GET"]}}],"collection":[{"href":"https:\/\/www.oparanews.com.br\/index.php\/wp-json\/wp\/v2\/posts"}],"about":[{"href":"https:\/\/www.oparanews.com.br\/index.php\/wp-json\/wp\/v2\/types\/post"}],"author":[{"embeddable":true,"href":"https:\/\/www.oparanews.com.br\/index.php\/wp-json\/wp\/v2\/users\/1"}],"replies":[{"embeddable":true,"href":"https:\/\/www.oparanews.com.br\/index.php\/wp-json\/wp\/v2\/comments?post=14190"}],"version-history":[{"count":0,"href":"https:\/\/www.oparanews.com.br\/index.php\/wp-json\/wp\/v2\/posts\/14190\/revisions"}],"wp:attachment":[{"href":"https:\/\/www.oparanews.com.br\/index.php\/wp-json\/wp\/v2\/media?parent=14190"}],"wp:term":[{"taxonomy":"category","embeddable":true,"href":"https:\/\/www.oparanews.com.br\/index.php\/wp-json\/wp\/v2\/categories?post=14190"},{"taxonomy":"post_tag","embeddable":true,"href":"https:\/\/www.oparanews.com.br\/index.php\/wp-json\/wp\/v2\/tags?post=14190"}],"curies":[{"name":"wp","href":"https:\/\/api.w.org\/{rel}","templated":true}]}}