{"id":14193,"date":"2021-03-28T16:21:22","date_gmt":"2021-03-28T16:21:22","guid":{"rendered":"https:\/\/oparanews.com.br\/?p=14193"},"modified":"2021-03-28T16:21:22","modified_gmt":"2021-03-28T16:21:22","slug":"centrao-e-mercado-cobram-mudancas-e-dao-ultimato-a-bolsonaro","status":"publish","type":"post","link":"https:\/\/www.oparanews.com.br\/index.php\/2021\/03\/28\/centrao-e-mercado-cobram-mudancas-e-dao-ultimato-a-bolsonaro\/","title":{"rendered":"Centr\u00e3o e mercado cobram mudan\u00e7as e d\u00e3o ultimato a Bolsonaro"},"content":{"rendered":"<p>Uma s\u00e9rie de nove encontros da c\u00fapula do Congresso com grandes empres\u00e1rios, representantes de bancos e do mercado financeiro resultou num movimento pol\u00edtico pela interven\u00e7\u00e3o nos rumos do governo de Jair Bolsonaro. Os mais de 300 mil mortos na pandemia de covid-19 e a situa\u00e7\u00e3o cada vez mais insustent\u00e1vel da economia levaram os presidentes da C\u00e2mara, Arthur Lira (Progressistas-AL), e do Senado, Rodrigo Pacheco (DEM-MG), a afinar o discurso com o mercado. Os dois t\u00eam colocado o impeachment como possibilidade se as conversas com o governo fracassarem.<\/p>\n<p>As cobran\u00e7as mais urgentes do setor econ\u00f4mico s\u00e3o a demiss\u00e3o dos ministros das Rela\u00e7\u00f5es Exteriores, Ernesto Ara\u00fajo, e do Meio Ambiente, Ricardo Salles. A avalia\u00e7\u00e3o recorrente nas reuni\u00f5es \u00e9 de que Ara\u00fajo atrapalha as negocia\u00e7\u00f5es por vacinas e insumos da \u00cdndia e da China. J\u00e1 Salles, que comanda a criticada pol\u00edtica ambiental brasileira, \u00e9 visto como obst\u00e1culo na rela\u00e7\u00e3o com Washington, especialmente agora que o Pa\u00eds mira as vacinas excedentes dos Estados Unidos.<\/p>\n<p>Interlocutores de Lira e Pacheco argumentam que, no caso espec\u00edfico, \u00e9 errada a leitura de que a press\u00e3o pela troca dos dois ministros &#8211; verbalizada por eles &#8211; tenha como objetivo lotear o governo, uma demanda constante do Centr\u00e3o. O intuito \u00e9 atender \u00e0 principal reivindica\u00e7\u00e3o do setor econ\u00f4mico e, de quebra, garantir um &#8216;ganho de imagem&#8217; perante seus novos interlocutores.<\/p>\n<p>Na noite da \u00faltima segunda-feira, Washington Cinel, empres\u00e1rio do ramo de seguran\u00e7a privada, recebeu os presidentes da C\u00e2mara e do Senado em sua casa na Rua Costa Rica, no Jardim Europa, em S\u00e3o Paulo. Participaram do encontro presencial e remoto Luiz Carlos Trabuco Cappi (Bradesco), Carlos Sanchez (SEM) e Andr\u00e9 Esteves (BTG Pactual). As conversas \u00e0 mesa de jantar foram precedidas por discursos breves de Lira e Pacheco, do anfitri\u00e3o Cinel e dos tamb\u00e9m empres\u00e1rios Ab\u00edlio Diniz e Fl\u00e1vio Rocha, que falaram por videoconfer\u00eancia. Uma das manifesta\u00e7\u00f5es mais duras foi a de Pacheco. Mas, segundo presentes, n\u00e3o houve &#8220;tom panflet\u00e1rio&#8221; em p\u00fablico.<\/p>\n<p>Os empres\u00e1rios relataram que a crise sanit\u00e1ria bloqueia investimentos externos e atinge diretamente os planos de abertura de capital de empresas, o IPO. &#8220;Quem quer fazer IPO n\u00e3o consegue ter grandes resultados, porque ningu\u00e9m tem seguran\u00e7a de botar dinheiro no Brasil, principalmente pela condi\u00e7\u00e3o sanit\u00e1ria&#8221;, disse o deputado Dr. Luizinho (Progressistas-RJ), presente ao encontro.<\/p>\n<p>Jantares como este ocorrem com regularidade. Os encontros s\u00e3o promovidos uma vez por m\u00eas por nomes como Cinel e Jo\u00e3o Camargo, filho do ex-deputado Jos\u00e9 Camargo. Segundo um parlamentar que j\u00e1 esteve no convescote, eles se re\u00fanem para tomar vinho e convidam um pol\u00edtico para &#8216;cantar&#8217;. Lira era o convidado principal desta vez. Pacheco j\u00e1 estava em S\u00e3o Paulo e acabou sendo inclu\u00eddo.<\/p>\n<p>Antes, Lira e Pacheco haviam passado na casa de Claudio Lottenberg, homem forte do Hospital Israelita Albert Einstein. L\u00e1 havia um grupo menor de empres\u00e1rios do setor de sa\u00fade. A conversa foi sobre a escassez de sedativos e analg\u00e9sicos, medicamentos usados para intuba\u00e7\u00e3o de pacientes com quadro grave de covid-19, em Unidades de Terapia Intensiva (UTIs). A falta atinge o SUS e hospitais da rede privada.<\/p>\n<p>Os dirigentes do Congresso tamb\u00e9m t\u00eam frequentado a Febraban, a Fiesp e participado de agendas fechadas em S\u00e3o Paulo com nomes de peso. No \u00faltimo dia 2, Pacheco esteve com Milton Maluhy Filho (Ita\u00fa), Octavio de Lazari Jr. (Bradesco) e Roberto Sallouti (BTG). Um dia antes, os dois pol\u00edticos falaram na Fiesp para Ab\u00edlio Diniz e Rubens Menin. Em 25 de fevereiro Lira j\u00e1 havia estado com Sergio Rial (Santander), entre outros.<\/p>\n<p>Demitir ministros pode ser traum\u00e1tico para Bolsonaro. A substitui\u00e7\u00e3o de Salles, por exemplo, implica uma ruptura com a faixa m\u00e9dia dos ruralistas, justamente o setor que desde o in\u00edcio apoiou a campanha do presidente, em 2018. Os l\u00edderes do Centr\u00e3o t\u00eam deixado claro, por\u00e9m, que a sobreviv\u00eancia do governo depende das mudan\u00e7as.<\/p>\n<p><strong>Vacina<\/strong><\/p>\n<p>Um outro encontro de Pacheco por videoconfer\u00eancia foi organizado no \u00faltimo dia 11 pela Associa\u00e7\u00e3o Brasileira de Incorporadoras Imobili\u00e1rias (Abrainc). Luiz Ant\u00f4nio Fran\u00e7a, presidente da entidade que re\u00fane grandes construtoras, afirmou que o objetivo da conversa foi buscar o melhor para a economia. &#8220;O que a gente percebe \u00e9 um alinhamento entre as duas Casas (do Congresso)&#8221;, disse Fran\u00e7a. &#8220;E o que \u00e9 o melhor para a economia? Primeiro, resolver a pandemia. Depois, um pa\u00eds com capacidade de investimento e crescimento&#8221;, completou. &#8220;A prioridade \u00e9 vacinar.&#8221;<\/p>\n<p>Uma queixa, em especial, marcou as reuni\u00f5es com as presen\u00e7as de Lira e Pacheco. Os empres\u00e1rios destacaram que as medidas para conter o avan\u00e7o da pandemia dependem do Executivo, raz\u00e3o pela qual, desta vez, n\u00e3o h\u00e1 como tratar Bolsonaro como &#8220;caf\u00e9 com leite&#8221;. Trata-se de uma situa\u00e7\u00e3o diferente do processo de vota\u00e7\u00e3o da reforma da Previd\u00eancia, por exemplo. Na \u00e9poca, o presidente era contra a proposta, mas o Legislativo deu de ombros e aprovou a medida.<\/p>\n<p>Em sintonia com empres\u00e1rios e mercado, l\u00edderes do Centr\u00e3o dizem que, diante do fracasso no controle da pandemia, o presidente n\u00e3o ter\u00e1 mais a toler\u00e2ncia do Congresso. &#8220;Bolsonaro est\u00e1 no fio da navalha. Se a coisa fugir do controle, se ele quiser fazer tudo do jeito dele, fora da ci\u00eancia, n\u00e3o tenha d\u00favida de que n\u00f3s vamos atropelar&#8221;, disse o deputado Fausto Pinato (Progressistas-SP).<\/p>\n<p>Pinato advertiu que &#8220;ningu\u00e9m&#8221; quer afrontar o presidente, mas ele precisa assumir a lideran\u00e7a dentro de uma &#8220;racionalidade mundial&#8221;, e n\u00e3o na &#8220;destemperan\u00e7a&#8221; da ala ideol\u00f3gica. &#8220;O impeachment est\u00e1 descartado, desde que ele mantenha esse di\u00e1logo construtivo. Se tiver amea\u00e7a de choque institucional ou sair da racionalidade no combate \u00e0 pandemia, ningu\u00e9m vai pular no buraco com ele, n\u00e3o&#8221;, resumiu o parlamentar.<\/p>\n<p>&nbsp;<\/p>\n<p><strong>Fonte: Terra<\/strong><\/p>\n<p>&nbsp;<\/p>\n","protected":false},"excerpt":{"rendered":"<p>Uma s\u00e9rie de nove encontros da c\u00fapula do Congresso com grandes empres\u00e1rios, representantes de bancos e do mercado financeiro resultou num movimento pol\u00edtico pela interven\u00e7\u00e3o nos rumos do governo de Jair Bolsonaro. Os mais de 300 mil mortos na pandemia de covid-19 e a situa\u00e7\u00e3o cada vez mais insustent\u00e1vel da economia levaram os presidentes da &hellip;<\/p>\n","protected":false},"author":1,"featured_media":14194,"comment_status":"closed","ping_status":"closed","sticky":false,"template":"","format":"standard","meta":{"_jetpack_newsletter_access":"","_jetpack_dont_email_post_to_subs":false,"_jetpack_newsletter_tier_id":0,"_jetpack_memberships_contains_paywalled_content":false,"_jetpack_memberships_contains_paid_content":false,"footnotes":""},"categories":[1],"tags":[],"class_list":["post-14193","post","type-post","status-publish","format-standard","has-post-thumbnail","hentry","category-destaque"],"jetpack_sharing_enabled":true,"jetpack_featured_media_url":"","_links":{"self":[{"href":"https:\/\/www.oparanews.com.br\/index.php\/wp-json\/wp\/v2\/posts\/14193","targetHints":{"allow":["GET"]}}],"collection":[{"href":"https:\/\/www.oparanews.com.br\/index.php\/wp-json\/wp\/v2\/posts"}],"about":[{"href":"https:\/\/www.oparanews.com.br\/index.php\/wp-json\/wp\/v2\/types\/post"}],"author":[{"embeddable":true,"href":"https:\/\/www.oparanews.com.br\/index.php\/wp-json\/wp\/v2\/users\/1"}],"replies":[{"embeddable":true,"href":"https:\/\/www.oparanews.com.br\/index.php\/wp-json\/wp\/v2\/comments?post=14193"}],"version-history":[{"count":0,"href":"https:\/\/www.oparanews.com.br\/index.php\/wp-json\/wp\/v2\/posts\/14193\/revisions"}],"wp:attachment":[{"href":"https:\/\/www.oparanews.com.br\/index.php\/wp-json\/wp\/v2\/media?parent=14193"}],"wp:term":[{"taxonomy":"category","embeddable":true,"href":"https:\/\/www.oparanews.com.br\/index.php\/wp-json\/wp\/v2\/categories?post=14193"},{"taxonomy":"post_tag","embeddable":true,"href":"https:\/\/www.oparanews.com.br\/index.php\/wp-json\/wp\/v2\/tags?post=14193"}],"curies":[{"name":"wp","href":"https:\/\/api.w.org\/{rel}","templated":true}]}}