{"id":14203,"date":"2021-03-28T23:57:31","date_gmt":"2021-03-28T23:57:31","guid":{"rendered":"https:\/\/oparanews.com.br\/?p=14203"},"modified":"2021-03-28T23:57:31","modified_gmt":"2021-03-28T23:57:31","slug":"prefeito-ronaldo-lopes-recebe-primeira-dose-da-vacina-contra-covid-19","status":"publish","type":"post","link":"https:\/\/www.oparanews.com.br\/index.php\/2021\/03\/28\/prefeito-ronaldo-lopes-recebe-primeira-dose-da-vacina-contra-covid-19\/","title":{"rendered":"Prefeito Ronaldo Lopes recebe primeira dose da vacina contra Covid-19"},"content":{"rendered":"<p>O Prefeito Ronaldo Lopes recebeu a primeira dose da vacina contra Covid-10. O gestor do munic\u00edpio de Penedo esteve neste domingo na Central de Vacina\u00e7\u00e3o, onde cumpriu todos os procedimentos da campanha que tem aproveitamento acima de 100%.<\/p>\n<p>Ronaldo Lopes apresentou documentos pessoais na recep\u00e7\u00e3o da central que funciona na Escola Estadual Ernani M\u00e9ro e aguardou, na fila, sua vez de preencher o cadastro obrigat\u00f3rio. Em seguida, esperou ser chamado para ter o direito \u00e0 imuniza\u00e7\u00e3o.<\/p>\n<p>\u201cA vacina \u00e9 o nosso instrumento de combate a essa pandemia que j\u00e1 levou tantas pessoas no Brasil. Pe\u00e7o a todos os idosos acima de 65 anos e profissionais de sa\u00fade que venham se vacinar! A vacina salva vidas\u201d, escreveu Lopes em suas redes sociais.<\/p>\n<p>A campanha de vacina\u00e7\u00e3o contra Covid em Penedo j\u00e1 atende idosos a partir de 65 anos e na pr\u00f3xima ter\u00e7a-feira, 30, ser\u00e1 ampliada para profissionais de sa\u00fade aut\u00f4nomos da faixa et\u00e1ria de 45 a 49 anos.<\/p>\n<p>A Central de Vacina\u00e7\u00e3o Contra Covid-19 inicia o atendimento ao p\u00fablico \u00e0s 7 horas e encerra \u00e0s 17 horas.<\/p>\n<p>&nbsp;<\/p>\n<p><strong>Fonte: Decom PMP<\/strong><\/p>\n<p>&nbsp;<\/p>\n","protected":false},"excerpt":{"rendered":"<p>O Prefeito Ronaldo Lopes recebeu a primeira dose da vacina contra Covid-10. O gestor do munic\u00edpio de Penedo esteve neste domingo na Central de Vacina\u00e7\u00e3o, onde cumpriu todos os procedimentos da campanha que tem aproveitamento acima de 100%. Ronaldo Lopes apresentou documentos pessoais na recep\u00e7\u00e3o da central que funciona na Escola Estadual Ernani M\u00e9ro e &hellip;<\/p>\n","protected":false},"author":1,"featured_media":14204,"comment_status":"closed","ping_status":"closed","sticky":false,"template":"","format":"standard","meta":{"_jetpack_newsletter_access":"","_jetpack_dont_email_post_to_subs":false,"_jetpack_newsletter_tier_id":0,"_jetpack_memberships_contains_paywalled_content":false,"_jetpack_memberships_contains_paid_content":false,"footnotes":""},"categories":[1],"tags":[],"class_list":["post-14203","post","type-post","status-publish","format-standard","has-post-thumbnail","hentry","category-destaque"],"jetpack_sharing_enabled":true,"jetpack_featured_media_url":"","_links":{"self":[{"href":"https:\/\/www.oparanews.com.br\/index.php\/wp-json\/wp\/v2\/posts\/14203","targetHints":{"allow":["GET"]}}],"collection":[{"href":"https:\/\/www.oparanews.com.br\/index.php\/wp-json\/wp\/v2\/posts"}],"about":[{"href":"https:\/\/www.oparanews.com.br\/index.php\/wp-json\/wp\/v2\/types\/post"}],"author":[{"embeddable":true,"href":"https:\/\/www.oparanews.com.br\/index.php\/wp-json\/wp\/v2\/users\/1"}],"replies":[{"embeddable":true,"href":"https:\/\/www.oparanews.com.br\/index.php\/wp-json\/wp\/v2\/comments?post=14203"}],"version-history":[{"count":0,"href":"https:\/\/www.oparanews.com.br\/index.php\/wp-json\/wp\/v2\/posts\/14203\/revisions"}],"wp:attachment":[{"href":"https:\/\/www.oparanews.com.br\/index.php\/wp-json\/wp\/v2\/media?parent=14203"}],"wp:term":[{"taxonomy":"category","embeddable":true,"href":"https:\/\/www.oparanews.com.br\/index.php\/wp-json\/wp\/v2\/categories?post=14203"},{"taxonomy":"post_tag","embeddable":true,"href":"https:\/\/www.oparanews.com.br\/index.php\/wp-json\/wp\/v2\/tags?post=14203"}],"curies":[{"name":"wp","href":"https:\/\/api.w.org\/{rel}","templated":true}]}}