{"id":14206,"date":"2021-03-29T00:00:22","date_gmt":"2021-03-29T00:00:22","guid":{"rendered":"https:\/\/oparanews.com.br\/?p=14206"},"modified":"2021-03-29T00:00:22","modified_gmt":"2021-03-29T00:00:22","slug":"numero-de-vacinados-no-pais-chega-a-155-milhoes","status":"publish","type":"post","link":"https:\/\/www.oparanews.com.br\/index.php\/2021\/03\/29\/numero-de-vacinados-no-pais-chega-a-155-milhoes\/","title":{"rendered":"N\u00famero de vacinados no Pa\u00eds chega a 15,5 milh\u00f5es"},"content":{"rendered":"<p>A quantidade de pessoas vacinadas contra a covid-19 com ao menos a primeira dose no Brasil chegou a 15.504.363 neste domingo, 28, segundo dados reunidos pelo cons\u00f3rcio de ve\u00edculos de imprensa. O n\u00famero representa 7,32% do total da popula\u00e7\u00e3o brasileira. Nas \u00faltimas 24 horas, 255.516 primeiras doses foram aplicadas.<\/p>\n<p>Entre os 15,5 milh\u00f5es, 4.699.784 pessoas receberam a segunda dose, o que representa 2,22% da popula\u00e7\u00e3o com a imuniza\u00e7\u00e3o completa. Nas \u00faltimas 24 horas, 20.789 pessoas receberam essa dose de refor\u00e7o. Somadas as primeiras e segundas doses, o Brasil aplicou no \u00faltimo dia 276.305 doses, segundo dados fornecidos por 16 Estados que atualizaram os n\u00fameros.<\/p>\n<p>Na sexta-feira, 26, o governador de S\u00e3o Paulo, Jo\u00e3o Doria (PSDB), anunciou que o Instituto Butantan vai pedir autoriza\u00e7\u00e3o para iniciar os testes cl\u00ednicos da Butanvac, uma poss\u00edvel nova vacina contra a covid-19. O objetivo \u00e9 ter 40 milh\u00f5es de doses prontas at\u00e9 o fim deste ano.<\/p>\n<p>Ap\u00f3s o an\u00fancio, o governo federal tamb\u00e9m informou que outros imunizantes nacionais est\u00e3o em est\u00e1gio avan\u00e7ado. Segundo o ministro de Ci\u00eancia e Tecnologia, Marcos Pontes, um deles, desenvolvido pela Faculdade de Medicina de Ribeir\u00e3o Preto (FMRP), da USP, em parceria com a biotech Farmacore aguarda apenas autoriza\u00e7\u00e3o da Ag\u00eancia Nacional de Vigil\u00e2ncia Sanit\u00e1ria (Anvisa) para come\u00e7ar a ser testado em humanos.<\/p>\n<p>&nbsp;<\/p>\n<p><strong>Fonte: Terra<\/strong><\/p>\n<p>&nbsp;<\/p>\n","protected":false},"excerpt":{"rendered":"<p>A quantidade de pessoas vacinadas contra a covid-19 com ao menos a primeira dose no Brasil chegou a 15.504.363 neste domingo, 28, segundo dados reunidos pelo cons\u00f3rcio de ve\u00edculos de imprensa. O n\u00famero representa 7,32% do total da popula\u00e7\u00e3o brasileira. Nas \u00faltimas 24 horas, 255.516 primeiras doses foram aplicadas. Entre os 15,5 milh\u00f5es, 4.699.784 pessoas &hellip;<\/p>\n","protected":false},"author":1,"featured_media":14207,"comment_status":"closed","ping_status":"closed","sticky":false,"template":"","format":"standard","meta":{"_jetpack_newsletter_access":"","_jetpack_dont_email_post_to_subs":false,"_jetpack_newsletter_tier_id":0,"_jetpack_memberships_contains_paywalled_content":false,"_jetpack_memberships_contains_paid_content":false,"footnotes":""},"categories":[1],"tags":[],"class_list":["post-14206","post","type-post","status-publish","format-standard","has-post-thumbnail","hentry","category-destaque"],"jetpack_sharing_enabled":true,"jetpack_featured_media_url":"","_links":{"self":[{"href":"https:\/\/www.oparanews.com.br\/index.php\/wp-json\/wp\/v2\/posts\/14206","targetHints":{"allow":["GET"]}}],"collection":[{"href":"https:\/\/www.oparanews.com.br\/index.php\/wp-json\/wp\/v2\/posts"}],"about":[{"href":"https:\/\/www.oparanews.com.br\/index.php\/wp-json\/wp\/v2\/types\/post"}],"author":[{"embeddable":true,"href":"https:\/\/www.oparanews.com.br\/index.php\/wp-json\/wp\/v2\/users\/1"}],"replies":[{"embeddable":true,"href":"https:\/\/www.oparanews.com.br\/index.php\/wp-json\/wp\/v2\/comments?post=14206"}],"version-history":[{"count":0,"href":"https:\/\/www.oparanews.com.br\/index.php\/wp-json\/wp\/v2\/posts\/14206\/revisions"}],"wp:attachment":[{"href":"https:\/\/www.oparanews.com.br\/index.php\/wp-json\/wp\/v2\/media?parent=14206"}],"wp:term":[{"taxonomy":"category","embeddable":true,"href":"https:\/\/www.oparanews.com.br\/index.php\/wp-json\/wp\/v2\/categories?post=14206"},{"taxonomy":"post_tag","embeddable":true,"href":"https:\/\/www.oparanews.com.br\/index.php\/wp-json\/wp\/v2\/tags?post=14206"}],"curies":[{"name":"wp","href":"https:\/\/api.w.org\/{rel}","templated":true}]}}