{"id":14218,"date":"2021-03-29T00:29:20","date_gmt":"2021-03-29T00:29:20","guid":{"rendered":"https:\/\/oparanews.com.br\/?p=14218"},"modified":"2021-03-29T00:29:20","modified_gmt":"2021-03-29T00:29:20","slug":"paulo-gustavo-apresenta-sinais-de-melhora","status":"publish","type":"post","link":"https:\/\/www.oparanews.com.br\/index.php\/2021\/03\/29\/paulo-gustavo-apresenta-sinais-de-melhora\/","title":{"rendered":"Paulo Gustavo apresenta sinais de melhora"},"content":{"rendered":"<p>Paulo Gustavo apresentou melhora nas \u00faltimas 24 horas, mas continua internado em UTI para tratamento da Covid-19. As informa\u00e7\u00f5es s\u00e3o do G1.<\/p>\n<p>\u201d O paciente apresentou alguns sinais de melhora tanto do ponto de vista cl\u00ednico, quanto laboratorial, respondendo de forma satisfat\u00f3ria aos reajustes terap\u00eauticos institu\u00eddos. A evolu\u00e7\u00e3o do quadro tem seu tempo necess\u00e1rio e seguimos confiantes em sua recupera\u00e7\u00e3o\u201d, diz boletim m\u00e9dico divulgado neste domingo (28).<\/p>\n<p>A fam\u00edlia do ator tamb\u00e9m agradeceu o carinho dos f\u00e3s e pediu \u201cque continuem a enviar boas energias e ora\u00e7\u00f5es para sua recupera\u00e7\u00e3o, assim como de todos os que se encontram na mesma situa\u00e7\u00e3o\u201d.<\/p>\n<p>&nbsp;<\/p>\n<p><strong>Fonte: Reuters<\/strong><\/p>\n<p>&nbsp;<\/p>\n","protected":false},"excerpt":{"rendered":"<p>Paulo Gustavo apresentou melhora nas \u00faltimas 24 horas, mas continua internado em UTI para tratamento da Covid-19. As informa\u00e7\u00f5es s\u00e3o do G1. \u201d O paciente apresentou alguns sinais de melhora tanto do ponto de vista cl\u00ednico, quanto laboratorial, respondendo de forma satisfat\u00f3ria aos reajustes terap\u00eauticos institu\u00eddos. A evolu\u00e7\u00e3o do quadro tem seu tempo necess\u00e1rio e &hellip;<\/p>\n","protected":false},"author":1,"featured_media":14219,"comment_status":"closed","ping_status":"closed","sticky":false,"template":"","format":"standard","meta":{"_jetpack_newsletter_access":"","_jetpack_dont_email_post_to_subs":false,"_jetpack_newsletter_tier_id":0,"_jetpack_memberships_contains_paywalled_content":false,"_jetpack_memberships_contains_paid_content":false,"footnotes":""},"categories":[1],"tags":[],"class_list":["post-14218","post","type-post","status-publish","format-standard","has-post-thumbnail","hentry","category-destaque"],"jetpack_sharing_enabled":true,"jetpack_featured_media_url":"","_links":{"self":[{"href":"https:\/\/www.oparanews.com.br\/index.php\/wp-json\/wp\/v2\/posts\/14218","targetHints":{"allow":["GET"]}}],"collection":[{"href":"https:\/\/www.oparanews.com.br\/index.php\/wp-json\/wp\/v2\/posts"}],"about":[{"href":"https:\/\/www.oparanews.com.br\/index.php\/wp-json\/wp\/v2\/types\/post"}],"author":[{"embeddable":true,"href":"https:\/\/www.oparanews.com.br\/index.php\/wp-json\/wp\/v2\/users\/1"}],"replies":[{"embeddable":true,"href":"https:\/\/www.oparanews.com.br\/index.php\/wp-json\/wp\/v2\/comments?post=14218"}],"version-history":[{"count":0,"href":"https:\/\/www.oparanews.com.br\/index.php\/wp-json\/wp\/v2\/posts\/14218\/revisions"}],"wp:attachment":[{"href":"https:\/\/www.oparanews.com.br\/index.php\/wp-json\/wp\/v2\/media?parent=14218"}],"wp:term":[{"taxonomy":"category","embeddable":true,"href":"https:\/\/www.oparanews.com.br\/index.php\/wp-json\/wp\/v2\/categories?post=14218"},{"taxonomy":"post_tag","embeddable":true,"href":"https:\/\/www.oparanews.com.br\/index.php\/wp-json\/wp\/v2\/tags?post=14218"}],"curies":[{"name":"wp","href":"https:\/\/api.w.org\/{rel}","templated":true}]}}