{"id":14229,"date":"2021-03-29T17:28:00","date_gmt":"2021-03-29T17:28:00","guid":{"rendered":"https:\/\/oparanews.com.br\/?p=14229"},"modified":"2021-03-29T17:28:00","modified_gmt":"2021-03-29T17:28:00","slug":"semada-penedo-regulamenta-feira-livre-durante-semana-santa","status":"publish","type":"post","link":"https:\/\/www.oparanews.com.br\/index.php\/2021\/03\/29\/semada-penedo-regulamenta-feira-livre-durante-semana-santa\/","title":{"rendered":"SEMADA Penedo regulamenta feira livre durante Semana Santa"},"content":{"rendered":"<p>A Prefeitura de Penedo, por meio da Secretaria Municipal de Abastecimento e Desenvolvimento Agr\u00edcola (SEMADA) regulamenta o funcionamento da feira livre do Centro da cidade durante os dias que antecedem o feriado da Semana Santa e tamb\u00e9m no S\u00e1bado de Aleluia.<\/p>\n<p>Com a chegada da Semana Santa, per\u00edodo em que aumenta a procura por peixes e frutos do mar, a tradicional feira do peixe ocorrer\u00e1 quarta e quinta-feira, 31 de mar\u00e7o e 1\u00ba de abril respectivamente, para a compra de pescados.<\/p>\n<p>Nesse dois dias tamb\u00e9m ser\u00e3o vendidos produtos como legumes e verduras, com as bancas desses itens instalados na Rua Campos Teixeira e sua respectiva travessa.<\/p>\n<p><strong>S\u00e1bado<\/strong><\/p>\n<p>J\u00e1 a venda de carnes e demais produtos aliment\u00edcios tamb\u00e9m ocorrer\u00e1 no s\u00e1bado normalmente, sendo permitido apenas alimentos, conforme a portaria municipal que regulamenta o funcionamento das feiras livres em Penedo, devido a pandemia de Covid-19.<\/p>\n<p>Durante a realiza\u00e7\u00e3o das feiras, ser\u00e1 obrigat\u00f3rio o uso de m\u00e1scaras por parte de feirantes e clientes, assim como a disponibilidade de \u00e1lcool gel e a ado\u00e7\u00e3o do distanciamento m\u00ednimo entre as bancas.<\/p>\n<p>De acordo com a SEMADA Penedo, essas medidas tem o objetivo de evitar aglomera\u00e7\u00f5es, contribuindo com as regras em vigor devido a Fase Vermelha do Plano de Distanciamento Social Controlado, al\u00e9m de proporcionar maior comodidade para os consumidores penedenses.<\/p>\n<p>&nbsp;<\/p>\n<p><strong>por Thiago Sobral &#8211; jornalista Decom\/PMP<\/strong><\/p>\n<p>&nbsp;<\/p>\n","protected":false},"excerpt":{"rendered":"<p>A Prefeitura de Penedo, por meio da Secretaria Municipal de Abastecimento e Desenvolvimento Agr\u00edcola (SEMADA) regulamenta o funcionamento da feira livre do Centro da cidade durante os dias que antecedem o feriado da Semana Santa e tamb\u00e9m no S\u00e1bado de Aleluia. Com a chegada da Semana Santa, per\u00edodo em que aumenta a procura por peixes &hellip;<\/p>\n","protected":false},"author":1,"featured_media":14230,"comment_status":"closed","ping_status":"closed","sticky":false,"template":"","format":"standard","meta":{"_jetpack_newsletter_access":"","_jetpack_dont_email_post_to_subs":false,"_jetpack_newsletter_tier_id":0,"_jetpack_memberships_contains_paywalled_content":false,"_jetpack_memberships_contains_paid_content":false,"footnotes":""},"categories":[1],"tags":[],"class_list":["post-14229","post","type-post","status-publish","format-standard","has-post-thumbnail","hentry","category-destaque"],"jetpack_sharing_enabled":true,"jetpack_featured_media_url":"","_links":{"self":[{"href":"https:\/\/www.oparanews.com.br\/index.php\/wp-json\/wp\/v2\/posts\/14229","targetHints":{"allow":["GET"]}}],"collection":[{"href":"https:\/\/www.oparanews.com.br\/index.php\/wp-json\/wp\/v2\/posts"}],"about":[{"href":"https:\/\/www.oparanews.com.br\/index.php\/wp-json\/wp\/v2\/types\/post"}],"author":[{"embeddable":true,"href":"https:\/\/www.oparanews.com.br\/index.php\/wp-json\/wp\/v2\/users\/1"}],"replies":[{"embeddable":true,"href":"https:\/\/www.oparanews.com.br\/index.php\/wp-json\/wp\/v2\/comments?post=14229"}],"version-history":[{"count":0,"href":"https:\/\/www.oparanews.com.br\/index.php\/wp-json\/wp\/v2\/posts\/14229\/revisions"}],"wp:attachment":[{"href":"https:\/\/www.oparanews.com.br\/index.php\/wp-json\/wp\/v2\/media?parent=14229"}],"wp:term":[{"taxonomy":"category","embeddable":true,"href":"https:\/\/www.oparanews.com.br\/index.php\/wp-json\/wp\/v2\/categories?post=14229"},{"taxonomy":"post_tag","embeddable":true,"href":"https:\/\/www.oparanews.com.br\/index.php\/wp-json\/wp\/v2\/tags?post=14229"}],"curies":[{"name":"wp","href":"https:\/\/api.w.org\/{rel}","templated":true}]}}