{"id":14232,"date":"2021-03-30T00:51:51","date_gmt":"2021-03-30T00:51:51","guid":{"rendered":"https:\/\/oparanews.com.br\/?p=14232"},"modified":"2021-03-30T00:51:51","modified_gmt":"2021-03-30T00:51:51","slug":"bolsonaro-faz-trocas-em-seis-ministerios","status":"publish","type":"post","link":"https:\/\/www.oparanews.com.br\/index.php\/2021\/03\/30\/bolsonaro-faz-trocas-em-seis-ministerios\/","title":{"rendered":"Bolsonaro faz trocas em seis minist\u00e9rios"},"content":{"rendered":"<p>O presidente Jair Bolsonaro realizou nesta segunda-feira (29) uma reforma ministerial com seis trocas no primeiro escal\u00e3o do governo.<\/p>\n<p>As mudan\u00e7as foram confirmadas em uma nota divulgada pela Secretaria de Comunica\u00e7\u00e3o Social, vinculada ao Minist\u00e9rio das Comunica\u00e7\u00f5es.<\/p>\n<p>Quem entra e quem sai<\/p>\n<p><strong>CASA CIVIL DA PRESID\u00caNCIA DA REP\u00daBLICA<\/strong><\/p>\n<p>Quem entra: general da reserva Luiz Eduardo Ramos, atual ministro da Secretaria de Governo<br \/>\nQuem sai: general da reserva Braga Netto, transferido para o Minist\u00e9rio da Defesa<\/p>\n<p><strong>MINIST\u00c9RIO DA JUSTI\u00c7A E DA SEGURAN\u00c7A P\u00daBLICA<\/strong><\/p>\n<p>Quem entra: delegado da Pol\u00edcia Federal Anderson Torres, atual secret\u00e1rio de Seguran\u00e7a P\u00fablica do Distrito Federal<br \/>\nQuem sai: Andr\u00e9 Mendon\u00e7a, transferido para a Advocacia-Geral da Uni\u00e3o (AGU)<\/p>\n<p><strong>MINIST\u00c9RIO DA DEFESA<\/strong><\/p>\n<p>Quem entra: general da reserva Walter Souza Braga Netto, atual chefe da Casa Civil<br \/>\nQuem sai: general da reserva Fernando Azevedo e Silva<\/p>\n<p><strong>MINIST\u00c9RIO DAS RELA\u00c7\u00d5ES EXTERIORES<\/strong><\/p>\n<p>Quem entra: embaixador Carlos Alberto Franco Fran\u00e7a, diplomata de carreira que estava na assessoria especial da Presid\u00eancia da Rep\u00fablica<br \/>\nQuem sai: embaixador Ernesto Ara\u00fajo<\/p>\n<p><strong>SECRETARIA DE GOVERNO DA PRESID\u00caNCIA<\/strong><\/p>\n<p>Quem entra: deputada federal Fl\u00e1via Arruda (PL-DF)<br \/>\nQuem sai: general da reserva Luiz Eduardo Ramos, transferido para a Casa Civil<\/p>\n<p><strong>ADVOCACIA-GERAL DA UNI\u00c3O<\/strong><\/p>\n<p>Quem entra: Andr\u00e9 Mendon\u00e7a, que j\u00e1 chefiou a AGU no in\u00edcio do governo e est\u00e1 atualmente no Minist\u00e9rio da Justi\u00e7a.<br \/>\nQuem sai: Jos\u00e9 Levi, procurador da Fazenda Nacional<\/p>\n<p>A amplitude da reforma surpreendeu. At\u00e9 o fim de semana, somente a substitui\u00e7\u00e3o de Ernesto Ara\u00fajo era tida como prov\u00e1vel para os pr\u00f3ximos dias. Mas Bolsonaro aproveitou a sa\u00edda de Ara\u00fajo para realizar uma mudan\u00e7a maior.<\/p>\n<p>O governo atualmente tem 22 minist\u00e9rios \u2013 a independ\u00eancia do Banco Central aprovada pelo Congresso fez com que a institui\u00e7\u00e3o deixasse de ser contabilizada nessa lista.<\/p>\n<p>&nbsp;<\/p>\n<p><strong>Fonte: Globo.com<\/strong><\/p>\n<p>&nbsp;<\/p>\n","protected":false},"excerpt":{"rendered":"<p>O presidente Jair Bolsonaro realizou nesta segunda-feira (29) uma reforma ministerial com seis trocas no primeiro escal\u00e3o do governo. As mudan\u00e7as foram confirmadas em uma nota divulgada pela Secretaria de Comunica\u00e7\u00e3o Social, vinculada ao Minist\u00e9rio das Comunica\u00e7\u00f5es. Quem entra e quem sai CASA CIVIL DA PRESID\u00caNCIA DA REP\u00daBLICA Quem entra: general da reserva Luiz Eduardo &hellip;<\/p>\n","protected":false},"author":1,"featured_media":14233,"comment_status":"closed","ping_status":"closed","sticky":false,"template":"","format":"standard","meta":{"_jetpack_newsletter_access":"","_jetpack_dont_email_post_to_subs":false,"_jetpack_newsletter_tier_id":0,"_jetpack_memberships_contains_paywalled_content":false,"_jetpack_memberships_contains_paid_content":false,"footnotes":""},"categories":[1],"tags":[],"class_list":["post-14232","post","type-post","status-publish","format-standard","has-post-thumbnail","hentry","category-destaque"],"jetpack_sharing_enabled":true,"jetpack_featured_media_url":"","_links":{"self":[{"href":"https:\/\/www.oparanews.com.br\/index.php\/wp-json\/wp\/v2\/posts\/14232","targetHints":{"allow":["GET"]}}],"collection":[{"href":"https:\/\/www.oparanews.com.br\/index.php\/wp-json\/wp\/v2\/posts"}],"about":[{"href":"https:\/\/www.oparanews.com.br\/index.php\/wp-json\/wp\/v2\/types\/post"}],"author":[{"embeddable":true,"href":"https:\/\/www.oparanews.com.br\/index.php\/wp-json\/wp\/v2\/users\/1"}],"replies":[{"embeddable":true,"href":"https:\/\/www.oparanews.com.br\/index.php\/wp-json\/wp\/v2\/comments?post=14232"}],"version-history":[{"count":0,"href":"https:\/\/www.oparanews.com.br\/index.php\/wp-json\/wp\/v2\/posts\/14232\/revisions"}],"wp:attachment":[{"href":"https:\/\/www.oparanews.com.br\/index.php\/wp-json\/wp\/v2\/media?parent=14232"}],"wp:term":[{"taxonomy":"category","embeddable":true,"href":"https:\/\/www.oparanews.com.br\/index.php\/wp-json\/wp\/v2\/categories?post=14232"},{"taxonomy":"post_tag","embeddable":true,"href":"https:\/\/www.oparanews.com.br\/index.php\/wp-json\/wp\/v2\/tags?post=14232"}],"curies":[{"name":"wp","href":"https:\/\/api.w.org\/{rel}","templated":true}]}}