{"id":14235,"date":"2021-03-30T01:19:46","date_gmt":"2021-03-30T01:19:46","guid":{"rendered":"https:\/\/oparanews.com.br\/?p=14235"},"modified":"2021-03-30T01:19:46","modified_gmt":"2021-03-30T01:19:46","slug":"fluminense-e-vasco-disputam-classico-em-volta-redonda","status":"publish","type":"post","link":"https:\/\/www.oparanews.com.br\/index.php\/2021\/03\/30\/fluminense-e-vasco-disputam-classico-em-volta-redonda\/","title":{"rendered":"Fluminense e Vasco disputam cl\u00e1ssico em Volta Redonda"},"content":{"rendered":"<p>A s\u00e9tima rodada do Campeonato Carioca marca o cl\u00e1ssico entre Fluminense e Vasco, nesta ter\u00e7a-feira, \u00e0s 21h35 (de Bras\u00edlia). O confronto ser\u00e1 realizado em Volta Redonda por conta das restri\u00e7\u00f5es no Rio de Janeiro pela pandemia de Covid-19.<\/p>\n<p>O Fluminense vai a campo em busca da recupera\u00e7\u00e3o. O time comandado por Roger Machado viu sua sequ\u00eancia de tr\u00eas vit\u00f3rias acabar na derrota para o Volta Redonda.<\/p>\n<p>Com os resultados, os tricolores sa\u00edram da zona de classifica\u00e7\u00e3o para as semifinais e est\u00e3o na quarta coloca\u00e7\u00e3o, com nove pontos. O volante Martinelli destacou a import\u00e2ncia de uma vit\u00f3ria no cl\u00e1ssico.<\/p>\n<p>&#8220;\u00c9 um jogo muito dif\u00edcil. Cl\u00e1ssico \u00e9 sempre decidido em detalhes. Temporada passada tivemos um \u00f3timo desempenho em cl\u00e1ssicos, gra\u00e7as \u00e0 for\u00e7a do grupo. J\u00e1 viemos estudando o advers\u00e1rio e tenho certeza que faremos um grande jogo e, se Deus quiser conquistaremos a vit\u00f3ria. Vimos um pouco do jogo deles. \u00c9 um time que est\u00e1 vindo em reconstru\u00e7\u00e3o&#8221;, disse.<\/p>\n<p>Em termos de escala\u00e7\u00e3o, Roger Machado deve manter a forma\u00e7\u00e3o que come\u00e7ou a \u00faltima partida. O t\u00e9cnico segue sem poder escalar o zagueiro Luccas Claro, que se recupera de les\u00e3o.<\/p>\n<p>Do outro lado, o Vasco decepciona no Estadual. A equipe de Marcelo Cabo s\u00f3 venceu uma partida e v\u00eam de trope\u00e7o diante do Madureira.<\/p>\n<p>Os vasca\u00ednos precisam de um bom resultado para seguirem com chances de classifica\u00e7\u00e3o para as semifinais. Atualmente, o Vasco tem somente seis pontos, em oitavo na tabela.<\/p>\n<p>A equipe ainda n\u00e3o poder\u00e1 contar com os rec\u00e9m-chegados Morato e L\u00e9o Jab\u00e1. No entanto, pode ter o retorno de Leandro Cast\u00e1n na zaga.<\/p>\n<p>FICHA T\u00c9CNICA:<\/p>\n<p>FLUMINENSE X VASCO<\/p>\n<p>Local: Est\u00e1dio Raulino de Oliveira, em Volta Redonda (RJ)<\/p>\n<p>Data: 30 de mar\u00e7o de 2021, ter\u00e7a-feira<\/p>\n<p>Hora: 21h35 (de Bras\u00edlia)<\/p>\n<p>\u00c1rbitro: Diego da Silva Louren\u00e7o<\/p>\n<p>Assistentes: Lu\u00eds Cl\u00e1udio Regazone e Wallace Muller Santos<\/p>\n<p>FLUMINENSE: Marcos Felipe, Calegari, Nino, Frazan e Eg\u00eddio; Martinelli, Yago e Nen\u00ea; Luiz Henrique, Lucca e Fred<\/p>\n<p>T\u00e9cnico: Roger Machado<\/p>\n<p>VASCO: Luc\u00e3o, L\u00e9o Matos, Ricardo Gra\u00e7a, Leandro Cast\u00e1n e Zeca; Bruno Gomes, Galarza, Carlinhos e Marquinhos Gabriel; Gabriel Pec e Germ\u00e1n Cano<\/p>\n<p>T\u00e9cnico: Marcelo Cabo<\/p>\n<p>&nbsp;<\/p>\n<p><strong>Fonte: Terra<\/strong><\/p>\n<p>&nbsp;<\/p>\n","protected":false},"excerpt":{"rendered":"<p>A s\u00e9tima rodada do Campeonato Carioca marca o cl\u00e1ssico entre Fluminense e Vasco, nesta ter\u00e7a-feira, \u00e0s 21h35 (de Bras\u00edlia). O confronto ser\u00e1 realizado em Volta Redonda por conta das restri\u00e7\u00f5es no Rio de Janeiro pela pandemia de Covid-19. O Fluminense vai a campo em busca da recupera\u00e7\u00e3o. O time comandado por Roger Machado viu sua &hellip;<\/p>\n","protected":false},"author":1,"featured_media":14236,"comment_status":"closed","ping_status":"closed","sticky":false,"template":"","format":"standard","meta":{"_jetpack_newsletter_access":"","_jetpack_dont_email_post_to_subs":false,"_jetpack_newsletter_tier_id":0,"_jetpack_memberships_contains_paywalled_content":false,"_jetpack_memberships_contains_paid_content":false,"footnotes":""},"categories":[1],"tags":[],"class_list":["post-14235","post","type-post","status-publish","format-standard","has-post-thumbnail","hentry","category-destaque"],"jetpack_sharing_enabled":true,"jetpack_featured_media_url":"","_links":{"self":[{"href":"https:\/\/www.oparanews.com.br\/index.php\/wp-json\/wp\/v2\/posts\/14235","targetHints":{"allow":["GET"]}}],"collection":[{"href":"https:\/\/www.oparanews.com.br\/index.php\/wp-json\/wp\/v2\/posts"}],"about":[{"href":"https:\/\/www.oparanews.com.br\/index.php\/wp-json\/wp\/v2\/types\/post"}],"author":[{"embeddable":true,"href":"https:\/\/www.oparanews.com.br\/index.php\/wp-json\/wp\/v2\/users\/1"}],"replies":[{"embeddable":true,"href":"https:\/\/www.oparanews.com.br\/index.php\/wp-json\/wp\/v2\/comments?post=14235"}],"version-history":[{"count":0,"href":"https:\/\/www.oparanews.com.br\/index.php\/wp-json\/wp\/v2\/posts\/14235\/revisions"}],"wp:attachment":[{"href":"https:\/\/www.oparanews.com.br\/index.php\/wp-json\/wp\/v2\/media?parent=14235"}],"wp:term":[{"taxonomy":"category","embeddable":true,"href":"https:\/\/www.oparanews.com.br\/index.php\/wp-json\/wp\/v2\/categories?post=14235"},{"taxonomy":"post_tag","embeddable":true,"href":"https:\/\/www.oparanews.com.br\/index.php\/wp-json\/wp\/v2\/tags?post=14235"}],"curies":[{"name":"wp","href":"https:\/\/api.w.org\/{rel}","templated":true}]}}