{"id":14238,"date":"2021-03-30T11:29:23","date_gmt":"2021-03-30T11:29:23","guid":{"rendered":"https:\/\/oparanews.com.br\/?p=14238"},"modified":"2021-03-30T11:29:23","modified_gmt":"2021-03-30T11:29:23","slug":"morre-alexandre-toledo-ex-secretario-de-saude-de-al-vitima-da-covid-19","status":"publish","type":"post","link":"https:\/\/www.oparanews.com.br\/index.php\/2021\/03\/30\/morre-alexandre-toledo-ex-secretario-de-saude-de-al-vitima-da-covid-19\/","title":{"rendered":"Morre Alexandre Toledo, ex-secret\u00e1rio de Sa\u00fade de AL, v\u00edtima da Covid-19"},"content":{"rendered":"<p>O ex-deputado, ex-prefeito do munic\u00edpio de Penedo e ex-secret\u00e1rio estadual de Sa\u00fade, Alexandre Toledo, morreu, na madrugada desta ter\u00e7a-feira (30), por complica\u00e7\u00f5es da Covid-19. Ele tinha 65 anos e estava internado, em S\u00e3o Paulo, havia dois meses, para tratamento da doen\u00e7a.<\/p>\n<p>Toledo recebeu o diagn\u00f3stico de coronav\u00edrus no fim de janeiro deste ano. Em fevereiro, quando o quadro de sa\u00fade se agravou, Toledo foi transferido para um hospital paulista, por orienta\u00e7\u00e3o dos familiares.<\/p>\n<p>Como havia um grande comprometimento dos pulm\u00f5es, ele precisou ser intubado no dia 16 de fevereiro, para que o tratamento fosse mais eficaz no combate \u00e0 doen\u00e7a. A esposa do pol\u00edtico, \u00e0 \u00e9poca, chegou a gravar um v\u00eddeo, compartilhado nas redes sociais, para atualizar o estado de sa\u00fade e desmentir os boatos que se espalharam sobre a morte de Toledo.<\/p>\n<p>De acordo com a diretoria de comunica\u00e7\u00e3o da Prefeitura de Penedo, Alexandre Toledo morreu por volta das 2h de hoje, no hospital onde estava internado. A administra\u00e7\u00e3o municipal vai decretar luto oficial e aguarda os tr\u00e2mites para libera\u00e7\u00e3o do corpo, a fim de definir se o funeral ter\u00e1 um instante de homenagens pela cidade.<\/p>\n<p>Alexandre de Melo Toledo tinha acabado de completar 65 anos (nasceu em 28 de mar\u00e7o de 1956). Natural de Penedo, no Baixo S\u00e3o Francisco, ele se formou em Engenharia, mas foi na pol\u00edtica que o seu nome passou a ser conhecido entre os alagoanos. Assumiu a prefeitura da terra natal por tr\u00eas mandatos e foi deputado estadual.<\/p>\n<p>Chegou \u00e0 C\u00e2mara Federal em 2012. Assumiu, como suplente, o mandato de deputado federal, na Legislatura 2011-2015. Foi efetivado no mandato em 28 de janeiro de 2013. Por\u00e9m, licenciou-se em 10 de julho de 2014, reassumindo em 9 de novembro de 2014.<\/p>\n<p>Tamb\u00e9m foi um dos secret\u00e1rios estaduais de Sa\u00fade na gest\u00e3o do ex-governador Teotonio Vilela (PSDB).<\/p>\n<p>&nbsp;<\/p>\n<p><strong>Fonte: Gazetaweb<\/strong><\/p>\n<p>&nbsp;<\/p>\n<p>&nbsp;<\/p>\n<p>&nbsp;<\/p>\n","protected":false},"excerpt":{"rendered":"<p>O ex-deputado, ex-prefeito do munic\u00edpio de Penedo e ex-secret\u00e1rio estadual de Sa\u00fade, Alexandre Toledo, morreu, na madrugada desta ter\u00e7a-feira (30), por complica\u00e7\u00f5es da Covid-19. Ele tinha 65 anos e estava internado, em S\u00e3o Paulo, havia dois meses, para tratamento da doen\u00e7a. Toledo recebeu o diagn\u00f3stico de coronav\u00edrus no fim de janeiro deste ano. Em fevereiro, &hellip;<\/p>\n","protected":false},"author":1,"featured_media":14239,"comment_status":"closed","ping_status":"closed","sticky":false,"template":"","format":"standard","meta":{"_jetpack_newsletter_access":"","_jetpack_dont_email_post_to_subs":false,"_jetpack_newsletter_tier_id":0,"_jetpack_memberships_contains_paywalled_content":false,"_jetpack_memberships_contains_paid_content":false,"footnotes":""},"categories":[1],"tags":[],"class_list":["post-14238","post","type-post","status-publish","format-standard","has-post-thumbnail","hentry","category-destaque"],"jetpack_sharing_enabled":true,"jetpack_featured_media_url":"","_links":{"self":[{"href":"https:\/\/www.oparanews.com.br\/index.php\/wp-json\/wp\/v2\/posts\/14238","targetHints":{"allow":["GET"]}}],"collection":[{"href":"https:\/\/www.oparanews.com.br\/index.php\/wp-json\/wp\/v2\/posts"}],"about":[{"href":"https:\/\/www.oparanews.com.br\/index.php\/wp-json\/wp\/v2\/types\/post"}],"author":[{"embeddable":true,"href":"https:\/\/www.oparanews.com.br\/index.php\/wp-json\/wp\/v2\/users\/1"}],"replies":[{"embeddable":true,"href":"https:\/\/www.oparanews.com.br\/index.php\/wp-json\/wp\/v2\/comments?post=14238"}],"version-history":[{"count":0,"href":"https:\/\/www.oparanews.com.br\/index.php\/wp-json\/wp\/v2\/posts\/14238\/revisions"}],"wp:attachment":[{"href":"https:\/\/www.oparanews.com.br\/index.php\/wp-json\/wp\/v2\/media?parent=14238"}],"wp:term":[{"taxonomy":"category","embeddable":true,"href":"https:\/\/www.oparanews.com.br\/index.php\/wp-json\/wp\/v2\/categories?post=14238"},{"taxonomy":"post_tag","embeddable":true,"href":"https:\/\/www.oparanews.com.br\/index.php\/wp-json\/wp\/v2\/tags?post=14238"}],"curies":[{"name":"wp","href":"https:\/\/api.w.org\/{rel}","templated":true}]}}