{"id":14244,"date":"2021-03-30T11:44:49","date_gmt":"2021-03-30T11:44:49","guid":{"rendered":"https:\/\/oparanews.com.br\/?p=14244"},"modified":"2021-03-30T11:44:49","modified_gmt":"2021-03-30T11:44:49","slug":"depois-de-receber-ameacas-doria-vai-morar-no-bandeirantes","status":"publish","type":"post","link":"https:\/\/www.oparanews.com.br\/index.php\/2021\/03\/30\/depois-de-receber-ameacas-doria-vai-morar-no-bandeirantes\/","title":{"rendered":"Depois de receber amea\u00e7as, Doria vai morar no Bandeirantes"},"content":{"rendered":"<p>O governador de S\u00e3o Paulo, Jo\u00e3o Doria (PSDB), passar\u00e1 a morar, pelo menos temporariamente, no Pal\u00e1cio dos Bandeirantes por causa dos constantes protestos em frente \u00e0 casa dele, no Jardim Europa (zona oeste da capital), e das amea\u00e7as que vem recebendo.<\/p>\n<p>A situa\u00e7\u00e3o se agravou ap\u00f3s o endurecimento das regras de restri\u00e7\u00e3o \u00e0 circula\u00e7\u00e3o de pessoas no Estado, que enfrenta o pior momento da pandemia da covid-19. Doria, atualmente um dos principais advers\u00e1rios do presidente Jair Bolsonaro, tem acionado a pol\u00edcia por causa das amea\u00e7as e inqu\u00e9ritos j\u00e1 foram instaurados.<\/p>\n<p>&#8220;Meu desprezo por estes extremistas que amea\u00e7am a mim, a minha fam\u00edlia e amea\u00e7am pessoas que defendem a vida. \u00c9 uma decis\u00e3o dif\u00edcil, mas necess\u00e1ria nesse momento de muita intoler\u00e2ncia ao pensamento contradit\u00f3rio, de belicismo verborr\u00e1gico e de cegueira ideol\u00f3gica&#8221;, diz trecho do comunicado assinado por Doria divulgado ontem e antecipado pelo blog da Coluna do Estad\u00e3o.<\/p>\n<p>Desde sua posse, em janeiro de 2019, Doria vinha utilizando a ala residencial do Bandeirantes apenas para despachos e reuni\u00f5es de trabalho. Mas, segundo apurou o blog da Coluna do Estad\u00e3o, os manifestantes, que se revezam em turnos, tiraram o sossego do governador e, principalmente, de seus familiares, limitando visitas inclusive nos fins de semana.<\/p>\n<p>&#8220;O negacionismo na pandemia deixou de ser um del\u00edrio das redes sociais, provocado pela paix\u00e3o pol\u00edtica, e est\u00e1 se tornando algo muito mais perigoso para a vida, a ci\u00eancia e a democracia: uma seita intolerante e autorit\u00e1ria&#8221;, afirma o comunicado do governador de S\u00e3o Paulo.<\/p>\n<p><strong>&#8216;Tempos obscuros&#8217;<\/strong><\/p>\n<p>A nota diz ainda que &#8220;o fanatismo ideol\u00f3gico ignora a racionalidade e a legalidade&#8221; e &#8220;tem ultrapassado os limites do embate pol\u00edtico e do questionamento t\u00e9cnico com amea\u00e7as e agressivas manifesta\u00e7\u00f5es, perturbando o bairro e vizinhos&#8221;. &#8220;Diante do radicalismo, decidi me mudar para o Pal\u00e1cio dos Bandeirantes. Regredimos a tempos obscuros em que a integridade f\u00edsica daqueles que defendem a vida e a democracia est\u00e1 sob amea\u00e7a. Vivi esse mesmo sentimento quando acompanhei meu pai no ex\u00edlio. Dessa vez, no entanto, n\u00e3o haver\u00e1 ex\u00edlio, nem ditadura. Haver\u00e1 ci\u00eancia, vacinas, vidas salvas e democracia&#8221;, afirma o comunicado.<\/p>\n<p>No in\u00edcio de mar\u00e7o, ap\u00f3s a volta da fase vermelha no Estado, Doria registrou queixa por amea\u00e7a de morte. No dia 19, um grupo de cerca de 50 manifestantes tentou fazer um protesto na frente da casa do governador, mas n\u00e3o conseguiu chegar ao local porque a Pol\u00edcia Militar, informada do ato, bloqueou v\u00e1rias ruas na regi\u00e3o. O grupo levava caixas de som tocando m\u00fasicas a favor de Bolsonaro e bandeiras do Brasil.<\/p>\n<p>&nbsp;<\/p>\n<p><strong>Fonte: com informa\u00e7\u00f5es do jornal O Estado de S. Paulo<\/strong><\/p>\n<p>&nbsp;<\/p>\n","protected":false},"excerpt":{"rendered":"<p>O governador de S\u00e3o Paulo, Jo\u00e3o Doria (PSDB), passar\u00e1 a morar, pelo menos temporariamente, no Pal\u00e1cio dos Bandeirantes por causa dos constantes protestos em frente \u00e0 casa dele, no Jardim Europa (zona oeste da capital), e das amea\u00e7as que vem recebendo. A situa\u00e7\u00e3o se agravou ap\u00f3s o endurecimento das regras de restri\u00e7\u00e3o \u00e0 circula\u00e7\u00e3o de &hellip;<\/p>\n","protected":false},"author":1,"featured_media":14245,"comment_status":"closed","ping_status":"closed","sticky":false,"template":"","format":"standard","meta":{"_jetpack_newsletter_access":"","_jetpack_dont_email_post_to_subs":false,"_jetpack_newsletter_tier_id":0,"_jetpack_memberships_contains_paywalled_content":false,"_jetpack_memberships_contains_paid_content":false,"footnotes":""},"categories":[1],"tags":[],"class_list":["post-14244","post","type-post","status-publish","format-standard","has-post-thumbnail","hentry","category-destaque"],"jetpack_sharing_enabled":true,"jetpack_featured_media_url":"","_links":{"self":[{"href":"https:\/\/www.oparanews.com.br\/index.php\/wp-json\/wp\/v2\/posts\/14244","targetHints":{"allow":["GET"]}}],"collection":[{"href":"https:\/\/www.oparanews.com.br\/index.php\/wp-json\/wp\/v2\/posts"}],"about":[{"href":"https:\/\/www.oparanews.com.br\/index.php\/wp-json\/wp\/v2\/types\/post"}],"author":[{"embeddable":true,"href":"https:\/\/www.oparanews.com.br\/index.php\/wp-json\/wp\/v2\/users\/1"}],"replies":[{"embeddable":true,"href":"https:\/\/www.oparanews.com.br\/index.php\/wp-json\/wp\/v2\/comments?post=14244"}],"version-history":[{"count":0,"href":"https:\/\/www.oparanews.com.br\/index.php\/wp-json\/wp\/v2\/posts\/14244\/revisions"}],"wp:attachment":[{"href":"https:\/\/www.oparanews.com.br\/index.php\/wp-json\/wp\/v2\/media?parent=14244"}],"wp:term":[{"taxonomy":"category","embeddable":true,"href":"https:\/\/www.oparanews.com.br\/index.php\/wp-json\/wp\/v2\/categories?post=14244"},{"taxonomy":"post_tag","embeddable":true,"href":"https:\/\/www.oparanews.com.br\/index.php\/wp-json\/wp\/v2\/tags?post=14244"}],"curies":[{"name":"wp","href":"https:\/\/api.w.org\/{rel}","templated":true}]}}