{"id":14250,"date":"2021-03-30T11:53:13","date_gmt":"2021-03-30T11:53:13","guid":{"rendered":"https:\/\/oparanews.com.br\/?p=14250"},"modified":"2021-03-30T11:53:13","modified_gmt":"2021-03-30T11:53:13","slug":"presidente-do-gremio-revela-acerto-verbal-com-borre","status":"publish","type":"post","link":"https:\/\/www.oparanews.com.br\/index.php\/2021\/03\/30\/presidente-do-gremio-revela-acerto-verbal-com-borre\/","title":{"rendered":"Presidente do Gr\u00eamio revela acerto verbal com Borr\u00e9"},"content":{"rendered":"<p>O sonho dos clubes paulistas &#8211; Palmeiras e S\u00e3o Paulo &#8211; de contar com o atacante Rafael Borr\u00e9 est\u00e1 ficando cada vez mais dif\u00edcil. Neste domingo, o presidente do Gr\u00eamio, Romildo Bozan, destacou que j\u00e1 tem um acordo verbal para fechar um contrato com o jogador, que se destacou com a camisa do River Plate, da Argentina.<\/p>\n<p>&#8220;Foi feita uma proposta, \u00e9 uma situa\u00e7\u00e3o que j\u00e1 alcan\u00e7ou uma dimens\u00e3o enorme. O Borr\u00e9 deu, de certa forma, o seu ok e agora aguardamos a assinatura do pr\u00e9-contrato. S\u00f3 pode vir em julho, ent\u00e3o n\u00e3o precisamos correr. H\u00e1 o acerto verbal, mas precisamos aguardar a assinatura do contrato&#8221;, explicou.<\/p>\n<p>No fim da semana passada, o di\u00e1rio Ol\u00e9, da Argentina j\u00e1 havia noticiado que o Gr\u00eamio estava forte na disputa por Borr\u00e9, reservando um pagamento inicial de US$ 6 milh\u00f5es (pouco mais de R$ 34 milh\u00f5es) e sal\u00e1rios anuais que somam US$ 2 milh\u00f5es (cerca de R$ 11,5 milh\u00f5es).<\/p>\n<p>O Palmeiras havia demonstrado interesse em Borr\u00e9, mas as incertezas econ\u00f4micas causadas pela pandemia de Covid-19 no Brasil fizeram o clube paulista recuar. Mesmo com diversos pr\u00eamios pelas conquistas da \u00faltima temporada, o campe\u00e3o da Libertadores teve preju\u00edzo de R$ 151 milh\u00f5es e espera que as dificuldades financeiras persistam em 2021. O S\u00e3o Paulo foi outro a cogitar o atleta colombiano e, tamb\u00e9m por motivos financeiros, n\u00e3o conseguiu avan\u00e7ar.<\/p>\n<p>&nbsp;<\/p>\n<p><strong>Fonte: Terra<\/strong><\/p>\n<p>&nbsp;<\/p>\n","protected":false},"excerpt":{"rendered":"<p>O sonho dos clubes paulistas &#8211; Palmeiras e S\u00e3o Paulo &#8211; de contar com o atacante Rafael Borr\u00e9 est\u00e1 ficando cada vez mais dif\u00edcil. Neste domingo, o presidente do Gr\u00eamio, Romildo Bozan, destacou que j\u00e1 tem um acordo verbal para fechar um contrato com o jogador, que se destacou com a camisa do River Plate, &hellip;<\/p>\n","protected":false},"author":1,"featured_media":14251,"comment_status":"closed","ping_status":"closed","sticky":false,"template":"","format":"standard","meta":{"_jetpack_newsletter_access":"","_jetpack_dont_email_post_to_subs":false,"_jetpack_newsletter_tier_id":0,"_jetpack_memberships_contains_paywalled_content":false,"_jetpack_memberships_contains_paid_content":false,"footnotes":""},"categories":[1],"tags":[],"class_list":["post-14250","post","type-post","status-publish","format-standard","has-post-thumbnail","hentry","category-destaque"],"jetpack_sharing_enabled":true,"jetpack_featured_media_url":"","_links":{"self":[{"href":"https:\/\/www.oparanews.com.br\/index.php\/wp-json\/wp\/v2\/posts\/14250","targetHints":{"allow":["GET"]}}],"collection":[{"href":"https:\/\/www.oparanews.com.br\/index.php\/wp-json\/wp\/v2\/posts"}],"about":[{"href":"https:\/\/www.oparanews.com.br\/index.php\/wp-json\/wp\/v2\/types\/post"}],"author":[{"embeddable":true,"href":"https:\/\/www.oparanews.com.br\/index.php\/wp-json\/wp\/v2\/users\/1"}],"replies":[{"embeddable":true,"href":"https:\/\/www.oparanews.com.br\/index.php\/wp-json\/wp\/v2\/comments?post=14250"}],"version-history":[{"count":0,"href":"https:\/\/www.oparanews.com.br\/index.php\/wp-json\/wp\/v2\/posts\/14250\/revisions"}],"wp:attachment":[{"href":"https:\/\/www.oparanews.com.br\/index.php\/wp-json\/wp\/v2\/media?parent=14250"}],"wp:term":[{"taxonomy":"category","embeddable":true,"href":"https:\/\/www.oparanews.com.br\/index.php\/wp-json\/wp\/v2\/categories?post=14250"},{"taxonomy":"post_tag","embeddable":true,"href":"https:\/\/www.oparanews.com.br\/index.php\/wp-json\/wp\/v2\/tags?post=14250"}],"curies":[{"name":"wp","href":"https:\/\/api.w.org\/{rel}","templated":true}]}}