{"id":14253,"date":"2021-03-30T11:58:01","date_gmt":"2021-03-30T11:58:01","guid":{"rendered":"https:\/\/oparanews.com.br\/?p=14253"},"modified":"2021-03-30T11:58:01","modified_gmt":"2021-03-30T11:58:01","slug":"faustao-toma-a-vacina-contra-a-covid-19-em-sao-paulo","status":"publish","type":"post","link":"https:\/\/www.oparanews.com.br\/index.php\/2021\/03\/30\/faustao-toma-a-vacina-contra-a-covid-19-em-sao-paulo\/","title":{"rendered":"Faust\u00e3o toma a vacina contra a Covid-19 em S\u00e3o Paulo"},"content":{"rendered":"<p>Faust\u00e3o \u00e9 mais um famoso que tomou a vacina contra a Covid-19. O apresentador de 70 anos, foi imunizado na segunda-feira, dia 29 em S\u00e3o Paulo. O calend\u00e1rio estadual de vacina\u00e7\u00e3o foi antecipado para sexta-feira, 26, para as pessoas entre 69 \u00e0 71 anos.<\/p>\n<p>O apresentador do tradicional \u201cDoming\u00e3o do Faust\u00e3o\u201d entra para a lista de celebridades que j\u00e1 tomaram pelo menos a primeira dose do imunizante. Al\u00e9m de Fausto Silva, Gal Costa, Roberto Carlos, Laura Cardoso, Ana Maria Braga, Silvio Santos e Susana Vieira j\u00e1 est\u00e3o protegidos contra o coronav\u00edrus no Brasil.<\/p>\n<p>&nbsp;<\/p>\n<p><strong>Fonte: Entret\u00ea<\/strong><\/p>\n<p>&nbsp;<\/p>\n","protected":false},"excerpt":{"rendered":"<p>Faust\u00e3o \u00e9 mais um famoso que tomou a vacina contra a Covid-19. O apresentador de 70 anos, foi imunizado na segunda-feira, dia 29 em S\u00e3o Paulo. O calend\u00e1rio estadual de vacina\u00e7\u00e3o foi antecipado para sexta-feira, 26, para as pessoas entre 69 \u00e0 71 anos. O apresentador do tradicional \u201cDoming\u00e3o do Faust\u00e3o\u201d entra para a lista &hellip;<\/p>\n","protected":false},"author":1,"featured_media":14254,"comment_status":"closed","ping_status":"closed","sticky":false,"template":"","format":"standard","meta":{"_jetpack_newsletter_access":"","_jetpack_dont_email_post_to_subs":false,"_jetpack_newsletter_tier_id":0,"_jetpack_memberships_contains_paywalled_content":false,"_jetpack_memberships_contains_paid_content":false,"footnotes":""},"categories":[1],"tags":[],"class_list":["post-14253","post","type-post","status-publish","format-standard","has-post-thumbnail","hentry","category-destaque"],"jetpack_sharing_enabled":true,"jetpack_featured_media_url":"","_links":{"self":[{"href":"https:\/\/www.oparanews.com.br\/index.php\/wp-json\/wp\/v2\/posts\/14253","targetHints":{"allow":["GET"]}}],"collection":[{"href":"https:\/\/www.oparanews.com.br\/index.php\/wp-json\/wp\/v2\/posts"}],"about":[{"href":"https:\/\/www.oparanews.com.br\/index.php\/wp-json\/wp\/v2\/types\/post"}],"author":[{"embeddable":true,"href":"https:\/\/www.oparanews.com.br\/index.php\/wp-json\/wp\/v2\/users\/1"}],"replies":[{"embeddable":true,"href":"https:\/\/www.oparanews.com.br\/index.php\/wp-json\/wp\/v2\/comments?post=14253"}],"version-history":[{"count":0,"href":"https:\/\/www.oparanews.com.br\/index.php\/wp-json\/wp\/v2\/posts\/14253\/revisions"}],"wp:attachment":[{"href":"https:\/\/www.oparanews.com.br\/index.php\/wp-json\/wp\/v2\/media?parent=14253"}],"wp:term":[{"taxonomy":"category","embeddable":true,"href":"https:\/\/www.oparanews.com.br\/index.php\/wp-json\/wp\/v2\/categories?post=14253"},{"taxonomy":"post_tag","embeddable":true,"href":"https:\/\/www.oparanews.com.br\/index.php\/wp-json\/wp\/v2\/tags?post=14253"}],"curies":[{"name":"wp","href":"https:\/\/api.w.org\/{rel}","templated":true}]}}