{"id":14256,"date":"2021-03-30T22:41:28","date_gmt":"2021-03-30T22:41:28","guid":{"rendered":"https:\/\/oparanews.com.br\/?p=14256"},"modified":"2021-03-30T22:41:28","modified_gmt":"2021-03-30T22:41:28","slug":"prefeitura-de-penedo-vacina-idosos-a-partir-de-64-anos","status":"publish","type":"post","link":"https:\/\/www.oparanews.com.br\/index.php\/2021\/03\/30\/prefeitura-de-penedo-vacina-idosos-a-partir-de-64-anos\/","title":{"rendered":"Prefeitura de Penedo vacina idosos a partir de 64 anos"},"content":{"rendered":"<p>A Secretaria Municipal de Sa\u00fade (SEMS) de Penedo j\u00e1 est\u00e1 vacinando idosos contra Covid-19, a partir dos 64 anos de idade.<\/p>\n<p>A Prefeitura de Penedo destaca que a inclus\u00e3o de mais uma faixa et\u00e1ria pela Secretaria Municipal de Sa\u00fade (SEMS) n\u00e3o impede quem tem mais de 64 anos de receber a vacina.<\/p>\n<p>Al\u00e9m disso, a SEMS Penedo vacina os profissionais de sa\u00fade a partir de 45 anos de idade, a partir das 13 horas desta quarta-feira (31).<\/p>\n<p>As pessoas desses grupos priorit\u00e1rios devem se dirigir at\u00e9 a Central de Vacina\u00e7\u00e3o, instalada na Escola Estadual Ernani Mero, portando documento oficial com foto e cart\u00e3o do SUS, das 8h \u00e0s 17h.<\/p>\n<p>Com o recebimento de novas doses por parte da Secretaria de Sa\u00fade de Penedo do imunizante contra o novo coronav\u00edrus, desde o inicio da campanha, o munic\u00edpio prossegue com a vacina\u00e7\u00e3o do p\u00fablico-alvo.<\/p>\n<p>De acordo com o vacin\u00f4metro da Prefeitura de Penedo, 5.760 pessoas j\u00e1 foram vacinadas contra Covid-19 at\u00e9 ontem (segunda-feira, 29), desde o in\u00edcio da campanha de vacina\u00e7\u00e3o entre idosos e profissionais da \u00e1rea da sa\u00fade.<\/p>\n<p>Entre todos os munic\u00edpios com mais de 50 mil habitantes de Alagoas, Penedo \u00e9 o que tem melhor desempenho na vacina\u00e7\u00e3o contra Covid-19, com alcance de 95% na rela\u00e7\u00e3o entre as doses recebidas pelo munic\u00edpio e sua aplica\u00e7\u00e3o na popula\u00e7\u00e3o.<\/p>\n<p>Das 6.789 doses enviadas para Penedo, 6.450 foram utilizadas, seja como primeira ou segunda dose.<\/p>\n<p>Al\u00e9m da Central de Vacina\u00e7\u00e3o, a gest\u00e3o Crescendo Com Seu Povo disponibiliza a vacina em domic\u00edlio para pessoas acamadas ou que n\u00e3o t\u00eam condi\u00e7\u00f5es de se locomover.<\/p>\n<p>A Prefeitura de Penedo tamb\u00e9m oferta o transporte dos idosos que residem na zona rural, para receber a vacina.<\/p>\n<p>As pessoas nessas condi\u00e7\u00f5es citadas acima, ou seus parentes e respons\u00e1veis legais podem solicitar a visita por meio do 82 99399-8360, contato que funciona somente como whatsapp e durante o funcionamento da Central de Vacina\u00e7\u00e3o.<\/p>\n<p><strong>Vacina solid\u00e1ria<\/strong><\/p>\n<p>A Prefeitura de Penedo lan\u00e7ou a campanha Vacina Solid\u00e1ria para arrecadar alimentos que ser\u00e3o distribu\u00eddos \u00e0 fam\u00edlias em situa\u00e7\u00e3ode vulnerabilidade social.<\/p>\n<p>As doa\u00e7\u00f5es podem ser feitas na Central de Vacina\u00e7\u00e3o durante seu hor\u00e1rio de funcionamento.<\/p>\n<p>&nbsp;<\/p>\n<p><strong>Por Thiago Sobral &#8211; Decom\/ PMP<\/strong><\/p>\n<p>&nbsp;<\/p>\n","protected":false},"excerpt":{"rendered":"<p>A Secretaria Municipal de Sa\u00fade (SEMS) de Penedo j\u00e1 est\u00e1 vacinando idosos contra Covid-19, a partir dos 64 anos de idade. A Prefeitura de Penedo destaca que a inclus\u00e3o de mais uma faixa et\u00e1ria pela Secretaria Municipal de Sa\u00fade (SEMS) n\u00e3o impede quem tem mais de 64 anos de receber a vacina. Al\u00e9m disso, a &hellip;<\/p>\n","protected":false},"author":1,"featured_media":14257,"comment_status":"closed","ping_status":"closed","sticky":false,"template":"","format":"standard","meta":{"_jetpack_newsletter_access":"","_jetpack_dont_email_post_to_subs":false,"_jetpack_newsletter_tier_id":0,"_jetpack_memberships_contains_paywalled_content":false,"_jetpack_memberships_contains_paid_content":false,"footnotes":""},"categories":[1],"tags":[],"class_list":["post-14256","post","type-post","status-publish","format-standard","has-post-thumbnail","hentry","category-destaque"],"jetpack_sharing_enabled":true,"jetpack_featured_media_url":"","_links":{"self":[{"href":"https:\/\/www.oparanews.com.br\/index.php\/wp-json\/wp\/v2\/posts\/14256","targetHints":{"allow":["GET"]}}],"collection":[{"href":"https:\/\/www.oparanews.com.br\/index.php\/wp-json\/wp\/v2\/posts"}],"about":[{"href":"https:\/\/www.oparanews.com.br\/index.php\/wp-json\/wp\/v2\/types\/post"}],"author":[{"embeddable":true,"href":"https:\/\/www.oparanews.com.br\/index.php\/wp-json\/wp\/v2\/users\/1"}],"replies":[{"embeddable":true,"href":"https:\/\/www.oparanews.com.br\/index.php\/wp-json\/wp\/v2\/comments?post=14256"}],"version-history":[{"count":0,"href":"https:\/\/www.oparanews.com.br\/index.php\/wp-json\/wp\/v2\/posts\/14256\/revisions"}],"wp:attachment":[{"href":"https:\/\/www.oparanews.com.br\/index.php\/wp-json\/wp\/v2\/media?parent=14256"}],"wp:term":[{"taxonomy":"category","embeddable":true,"href":"https:\/\/www.oparanews.com.br\/index.php\/wp-json\/wp\/v2\/categories?post=14256"},{"taxonomy":"post_tag","embeddable":true,"href":"https:\/\/www.oparanews.com.br\/index.php\/wp-json\/wp\/v2\/tags?post=14256"}],"curies":[{"name":"wp","href":"https:\/\/api.w.org\/{rel}","templated":true}]}}