{"id":14280,"date":"2021-03-31T12:17:56","date_gmt":"2021-03-31T12:17:56","guid":{"rendered":"https:\/\/oparanews.com.br\/?p=14280"},"modified":"2021-03-31T12:17:56","modified_gmt":"2021-03-31T12:17:56","slug":"flu-e-vasco-empatam-por-1-a-1-pelo-campeonato-carioca","status":"publish","type":"post","link":"https:\/\/www.oparanews.com.br\/index.php\/2021\/03\/31\/flu-e-vasco-empatam-por-1-a-1-pelo-campeonato-carioca\/","title":{"rendered":"Flu e Vasco empatam por 1 a 1 pelo Campeonato Carioca"},"content":{"rendered":"<p>Fluminense e Vasco empataram por 1 a 1 na noite desta ter\u00e7a-feira. A partida, disputada em Volta Redonda, abriu a s\u00e9tima rodada do Campeonato Carioca. Cano abriu o placar, mas Fred garantiu a igualdade.<\/p>\n<p>Com o resultado o Vasco chegou aos sete pontos e v\u00ea o G-4 cada vez mais distante. J\u00e1 o Fluminense at\u00e9 ingressou na zona de classifica\u00e7\u00e3o para as semifinais, com dez pontos. Mas j\u00e1 vai deixar a \u00e1rea nobre nesta quarta-feira, independentemente do resultado de Madureira x Botafogo. Um dos dois assumir\u00e1 o quarto lugar.<\/p>\n<p>A partida come\u00e7ou com o Fluminense pressionando, mas sem grande poder de penetra\u00e7\u00e3o. Aos tr\u00eas minutos Nen\u00ea assustou o goleiro Luc\u00e3o em uma cobran\u00e7a de escanteio que quase gerou um gol ol\u00edmpico. Aos 13 minutos foi a vez de Calegari arriscar de fora da \u00e1rea, fazendo a bola passar \u00e0 direita do goleiro.<\/p>\n<p>O Vasco tinha dificuldades de organiza\u00e7\u00e3o. Mas mesmo sem ter a iniciativa, abriu o marcador aos 36 minutos ap\u00f3s jogada bem trabalhada do seu ataque. Andrey chutou cruzado e o argentino Cano mostrou oportunismo ao escorar para o fundo da rede. O goleiro Marcos Felipe nada p\u00f4de fazer.<\/p>\n<p>Na volta para o segundo tempo o Fluminense conseguiu empatar logo no primeiro minuto. Nen\u00ea cobrou escanteio e Fred subiu para cabecear sem chances para Luc\u00e3o. A igualdade animou os tricolores, que voltaram a mandar em campo.<\/p>\n<p>Por muito pouco Fred n\u00e3o fez o segundo aos sete minutos. Luiz Henrique cruzou, o artilheiro dominou e chutou para fora. Dez minutos depois Gabriel Teixeira arriscou rasteiro e a bola raspou a trave direita.<\/p>\n<p>O Vasco assustava apenas na bola parada. Como aos 29 minutos, quando Andrey cobrou falta e fez a bola estourar na trave de Marcos Felipe. Aos 37 minutos foi a vez de o goleiro tricolor salvar um chute de Gabriel Pec.<\/p>\n<p>A partida ficou aberta na reta final, mas as duas equipes tinham muitas dificuldades no \u00faltimo passe. Assim o placar ficou inalterado.<\/p>\n<p>O Vasco volta a campo no pr\u00f3ximo s\u00e1bado, \u00e0s 21h(de Bras\u00edlia), quando encara o Bangu novamente no Est\u00e1dio Raulino de Oliveira. J\u00e1 o Fluminense vai atuar apenas na pr\u00f3xima ter\u00e7a-feira, \u00e0s 21h30(de Bras\u00edlia), diante do Maca\u00e9. Mas sem ter ainda local definido.<\/p>\n<p>FICHA T\u00c9CNICA:<\/p>\n<p>FLUMINENSE X VASCO<\/p>\n<p>Local: Est\u00e1dio Raulino de Oliveira, em Volta Redonda (RJ)<\/p>\n<p>Data: 30 de mar\u00e7o de 2021, ter\u00e7a-feira<\/p>\n<p>Hora: 21h35 (de Bras\u00edlia)<\/p>\n<p>\u00c1rbitro: Diego da Silva Louren\u00e7o (RJ)<\/p>\n<p>Assistentes: Lu\u00eds Cl\u00e1udio Regazone (RJ) e Wallace Muller Santos (RJ)<\/p>\n<p>Renda e p\u00fablico: jogo sem presen\u00e7a de p\u00fablico por conta da pandemia<\/p>\n<p>Cart\u00f5es amarelos: Gabriel Teixeira e Frazan (Fluminense) e Cano (Vasco)<\/p>\n<p>Gols:<\/p>\n<p>FLUMINENSE: Fred a 1 minuto do 2\u00ba Tempo<\/p>\n<p>VASCO: Cano aos 36 minutos do 1\u00ba Tempo<\/p>\n<p>FLUMINENSE: Marcos Felipe, Calegari, Nino, Frazan e Eg\u00eddio; Martinelli, Yago (Wellington) e Nen\u00ea (Paulo Henrique Ganso); Luiz Henrique (Kayky), Lucca (Gabriel Teixeira) e Fred (John Kennedy)<\/p>\n<p>T\u00e9cnico: Roger Machado<\/p>\n<p>VASCO: Luc\u00e3o, L\u00e9o Mattos, Miranda (Ricardo Gra\u00e7a), Leandro Cast\u00e1n e Zeca; Bruno Gomes (Figueiredo), Galarza, Carlinhos (Laranjeira) e Andrey; Gabriel Pec (Juninho) e Germ\u00e1n Cano<\/p>\n<p>T\u00e9cnico: Marcelo Cabo<\/p>\n<p>&nbsp;<\/p>\n<p><strong>Fonte: Gazeta Press<\/strong><\/p>\n<p>&nbsp;<\/p>\n","protected":false},"excerpt":{"rendered":"<p>Fluminense e Vasco empataram por 1 a 1 na noite desta ter\u00e7a-feira. A partida, disputada em Volta Redonda, abriu a s\u00e9tima rodada do Campeonato Carioca. Cano abriu o placar, mas Fred garantiu a igualdade. Com o resultado o Vasco chegou aos sete pontos e v\u00ea o G-4 cada vez mais distante. J\u00e1 o Fluminense at\u00e9 &hellip;<\/p>\n","protected":false},"author":1,"featured_media":14281,"comment_status":"closed","ping_status":"closed","sticky":false,"template":"","format":"standard","meta":{"_jetpack_newsletter_access":"","_jetpack_dont_email_post_to_subs":false,"_jetpack_newsletter_tier_id":0,"_jetpack_memberships_contains_paywalled_content":false,"_jetpack_memberships_contains_paid_content":false,"footnotes":""},"categories":[1],"tags":[],"class_list":["post-14280","post","type-post","status-publish","format-standard","has-post-thumbnail","hentry","category-destaque"],"jetpack_sharing_enabled":true,"jetpack_featured_media_url":"","_links":{"self":[{"href":"https:\/\/www.oparanews.com.br\/index.php\/wp-json\/wp\/v2\/posts\/14280","targetHints":{"allow":["GET"]}}],"collection":[{"href":"https:\/\/www.oparanews.com.br\/index.php\/wp-json\/wp\/v2\/posts"}],"about":[{"href":"https:\/\/www.oparanews.com.br\/index.php\/wp-json\/wp\/v2\/types\/post"}],"author":[{"embeddable":true,"href":"https:\/\/www.oparanews.com.br\/index.php\/wp-json\/wp\/v2\/users\/1"}],"replies":[{"embeddable":true,"href":"https:\/\/www.oparanews.com.br\/index.php\/wp-json\/wp\/v2\/comments?post=14280"}],"version-history":[{"count":0,"href":"https:\/\/www.oparanews.com.br\/index.php\/wp-json\/wp\/v2\/posts\/14280\/revisions"}],"wp:attachment":[{"href":"https:\/\/www.oparanews.com.br\/index.php\/wp-json\/wp\/v2\/media?parent=14280"}],"wp:term":[{"taxonomy":"category","embeddable":true,"href":"https:\/\/www.oparanews.com.br\/index.php\/wp-json\/wp\/v2\/categories?post=14280"},{"taxonomy":"post_tag","embeddable":true,"href":"https:\/\/www.oparanews.com.br\/index.php\/wp-json\/wp\/v2\/tags?post=14280"}],"curies":[{"name":"wp","href":"https:\/\/api.w.org\/{rel}","templated":true}]}}