{"id":14292,"date":"2021-03-31T18:11:29","date_gmt":"2021-03-31T18:11:29","guid":{"rendered":"https:\/\/oparanews.com.br\/?p=14292"},"modified":"2021-03-31T18:11:29","modified_gmt":"2021-03-31T18:11:29","slug":"bebes-internados-na-maternidade-santa-monica-estao-recuperados-da-covid-19","status":"publish","type":"post","link":"https:\/\/www.oparanews.com.br\/index.php\/2021\/03\/31\/bebes-internados-na-maternidade-santa-monica-estao-recuperados-da-covid-19\/","title":{"rendered":"Beb\u00eas internados na Maternidade Santa M\u00f4nica est\u00e3o recuperados da Covid-19"},"content":{"rendered":"<p>Os beb\u00eas que estavam internados na Maternidade Escola Santa M\u00f4nica com Covid-19 j\u00e1 sa\u00edram do per\u00edodo de isolamento e, ap\u00f3s novos testes com resultado negativo, foram considerados recuperados da doen\u00e7a. A informa\u00e7\u00e3o foi divulgada pelo hospital na ter\u00e7a-feira (30).<\/p>\n<p>Havia 15 beb\u00eas infectados com coronav\u00edrus, mas um foi transferido para o Hospital Geral do Estado (HGE). Dos outros 14 que permaneceram na maternidade, um recebeu alta hospitalar e j\u00e1 foi liberado para voltar pra casa. Tr\u00eas foram transferidos para Unidade de Cuidados Intermedi\u00e1rios Neonatal Convencional (UCINCo) e os demais permanecem na Unidade de Terapia Intensiva Neonatal (UTIN) por que s\u00e3o prematuros, mas n\u00e3o mais pela doen\u00e7a provocada pelo coronav\u00edrus.<\/p>\n<p>O hospital informou ainda que recebeu na segunda (29) outros dois beb\u00eas vindos de outros hospitais por causa de patologias espec\u00edficas (cl\u00ednica e cir\u00fargica), e eles j\u00e1 chegaram positivados para a Covid-19. Eles n\u00e3o apresentam sintomas da doen\u00e7a e est\u00e3o em isolamento.<\/p>\n<p>O caso de infec\u00e7\u00e3o dos beb\u00eas foi confirmado pela maternidade no dia 9 de mar\u00e7o, quando uma ala foi isolada para pacientes com confirma\u00e7\u00e3o e suspeita de Covid-19. Outras medidas tamb\u00e9m foram anunciadas pela unidade de sa\u00fade para evitar novos casos, entre elas a suspens\u00e3o de visitas na Unidade Neonatal.<\/p>\n<p>O beb\u00eas transferido para o HGE se recuperou da doen\u00e7a, mas permaneceu hospitalizado devido a uma doen\u00e7a neurol\u00f3gica.<\/p>\n<p>&nbsp;<\/p>\n<p><strong>Fonte: G1\/AL<\/strong><\/p>\n<p>&nbsp;<\/p>\n","protected":false},"excerpt":{"rendered":"<p>Os beb\u00eas que estavam internados na Maternidade Escola Santa M\u00f4nica com Covid-19 j\u00e1 sa\u00edram do per\u00edodo de isolamento e, ap\u00f3s novos testes com resultado negativo, foram considerados recuperados da doen\u00e7a. A informa\u00e7\u00e3o foi divulgada pelo hospital na ter\u00e7a-feira (30). Havia 15 beb\u00eas infectados com coronav\u00edrus, mas um foi transferido para o Hospital Geral do Estado &hellip;<\/p>\n","protected":false},"author":1,"featured_media":14293,"comment_status":"closed","ping_status":"closed","sticky":false,"template":"","format":"standard","meta":{"_jetpack_newsletter_access":"","_jetpack_dont_email_post_to_subs":false,"_jetpack_newsletter_tier_id":0,"_jetpack_memberships_contains_paywalled_content":false,"_jetpack_memberships_contains_paid_content":false,"footnotes":""},"categories":[1],"tags":[],"class_list":["post-14292","post","type-post","status-publish","format-standard","has-post-thumbnail","hentry","category-destaque"],"jetpack_sharing_enabled":true,"jetpack_featured_media_url":"","_links":{"self":[{"href":"https:\/\/www.oparanews.com.br\/index.php\/wp-json\/wp\/v2\/posts\/14292","targetHints":{"allow":["GET"]}}],"collection":[{"href":"https:\/\/www.oparanews.com.br\/index.php\/wp-json\/wp\/v2\/posts"}],"about":[{"href":"https:\/\/www.oparanews.com.br\/index.php\/wp-json\/wp\/v2\/types\/post"}],"author":[{"embeddable":true,"href":"https:\/\/www.oparanews.com.br\/index.php\/wp-json\/wp\/v2\/users\/1"}],"replies":[{"embeddable":true,"href":"https:\/\/www.oparanews.com.br\/index.php\/wp-json\/wp\/v2\/comments?post=14292"}],"version-history":[{"count":0,"href":"https:\/\/www.oparanews.com.br\/index.php\/wp-json\/wp\/v2\/posts\/14292\/revisions"}],"wp:attachment":[{"href":"https:\/\/www.oparanews.com.br\/index.php\/wp-json\/wp\/v2\/media?parent=14292"}],"wp:term":[{"taxonomy":"category","embeddable":true,"href":"https:\/\/www.oparanews.com.br\/index.php\/wp-json\/wp\/v2\/categories?post=14292"},{"taxonomy":"post_tag","embeddable":true,"href":"https:\/\/www.oparanews.com.br\/index.php\/wp-json\/wp\/v2\/tags?post=14292"}],"curies":[{"name":"wp","href":"https:\/\/api.w.org\/{rel}","templated":true}]}}