{"id":14295,"date":"2021-03-31T18:14:40","date_gmt":"2021-03-31T18:14:40","guid":{"rendered":"https:\/\/oparanews.com.br\/?p=14295"},"modified":"2021-03-31T18:14:40","modified_gmt":"2021-03-31T18:14:40","slug":"prefeitura-de-penedo-instala-tendas-em-frente-a-agencia-da-caixa-e-casa-loterica-do-centro-historico","status":"publish","type":"post","link":"https:\/\/www.oparanews.com.br\/index.php\/2021\/03\/31\/prefeitura-de-penedo-instala-tendas-em-frente-a-agencia-da-caixa-e-casa-loterica-do-centro-historico\/","title":{"rendered":"Prefeitura de Penedo instala tendas em frente a ag\u00eancia da Caixa e casa lot\u00e9rica do Centro Hist\u00f3rico"},"content":{"rendered":"<p>A Prefeitura de Penedo instalou estruturas de prote\u00e7\u00e3o \u00e0s pessoas que enfrentam filas para serem atendidos na ag\u00eancia da Caixa Econ\u00f4mica Federal e tamb\u00e9m na casa lot\u00e9rica localizada no Centro Hist\u00f3rico da cidade.<\/p>\n<p>A disponibiliza\u00e7\u00e3o da \u00e1rea coberta tem o objetivo de proporcionar maior conforto aos clientes desses estabelecimentos, que por conta das novas regras em rela\u00e7\u00e3o a Covid-19 s\u00e3o obrigados a esperado do lado de fora, enquanto n\u00e3o s\u00e3o atendidos, para evitar aglomera\u00e7\u00f5es em locais fechados.<\/p>\n<p>A instala\u00e7\u00e3o dessas estruturas \u00e9 uma a\u00e7\u00e3o da gest\u00e3o Ronaldo Lopes\/Jo\u00e3o Lucas.<\/p>\n<p>Essa medida da gest\u00e3o Crescendo Com Seu Povo visa minimizar a dissemina\u00e7\u00e3o do coronav\u00edrus em Penedo.<\/p>\n<p>Vale salientar que a maior parte das pessoas procuram atendimento na ag\u00eancia da Caixa Econ\u00f4mica Federal e lot\u00e9ricas em busca dos benef\u00edcios oferecidos pelo governo em decorr\u00eancia da pandemia provocada pelo novo coronav\u00edrus.<\/p>\n<p>\u00c9 importante destacar o trabalho da Prefeitura de Penedo, por meio da SEMS- Secretaria Municipal de Sa\u00fade no combate a pandemia de Covid-19 e tamb\u00e9m na vacina\u00e7\u00e3o contra a doen\u00e7a.<\/p>\n<p>&nbsp;<\/p>\n<p><strong>por Thiago Sobral &#8211; Decom\/ PMP<\/strong><\/p>\n<p>&nbsp;<\/p>\n","protected":false},"excerpt":{"rendered":"<p>A Prefeitura de Penedo instalou estruturas de prote\u00e7\u00e3o \u00e0s pessoas que enfrentam filas para serem atendidos na ag\u00eancia da Caixa Econ\u00f4mica Federal e tamb\u00e9m na casa lot\u00e9rica localizada no Centro Hist\u00f3rico da cidade. A disponibiliza\u00e7\u00e3o da \u00e1rea coberta tem o objetivo de proporcionar maior conforto aos clientes desses estabelecimentos, que por conta das novas regras &hellip;<\/p>\n","protected":false},"author":1,"featured_media":14297,"comment_status":"closed","ping_status":"closed","sticky":false,"template":"","format":"standard","meta":{"_jetpack_newsletter_access":"","_jetpack_dont_email_post_to_subs":false,"_jetpack_newsletter_tier_id":0,"_jetpack_memberships_contains_paywalled_content":false,"_jetpack_memberships_contains_paid_content":false,"footnotes":""},"categories":[1],"tags":[],"class_list":["post-14295","post","type-post","status-publish","format-standard","has-post-thumbnail","hentry","category-destaque"],"jetpack_sharing_enabled":true,"jetpack_featured_media_url":"","_links":{"self":[{"href":"https:\/\/www.oparanews.com.br\/index.php\/wp-json\/wp\/v2\/posts\/14295","targetHints":{"allow":["GET"]}}],"collection":[{"href":"https:\/\/www.oparanews.com.br\/index.php\/wp-json\/wp\/v2\/posts"}],"about":[{"href":"https:\/\/www.oparanews.com.br\/index.php\/wp-json\/wp\/v2\/types\/post"}],"author":[{"embeddable":true,"href":"https:\/\/www.oparanews.com.br\/index.php\/wp-json\/wp\/v2\/users\/1"}],"replies":[{"embeddable":true,"href":"https:\/\/www.oparanews.com.br\/index.php\/wp-json\/wp\/v2\/comments?post=14295"}],"version-history":[{"count":0,"href":"https:\/\/www.oparanews.com.br\/index.php\/wp-json\/wp\/v2\/posts\/14295\/revisions"}],"wp:attachment":[{"href":"https:\/\/www.oparanews.com.br\/index.php\/wp-json\/wp\/v2\/media?parent=14295"}],"wp:term":[{"taxonomy":"category","embeddable":true,"href":"https:\/\/www.oparanews.com.br\/index.php\/wp-json\/wp\/v2\/categories?post=14295"},{"taxonomy":"post_tag","embeddable":true,"href":"https:\/\/www.oparanews.com.br\/index.php\/wp-json\/wp\/v2\/tags?post=14295"}],"curies":[{"name":"wp","href":"https:\/\/api.w.org\/{rel}","templated":true}]}}