{"id":14298,"date":"2021-03-31T18:21:39","date_gmt":"2021-03-31T18:21:39","guid":{"rendered":"https:\/\/oparanews.com.br\/?p=14298"},"modified":"2021-03-31T18:21:39","modified_gmt":"2021-03-31T18:21:39","slug":"pagamento-do-auxilio-emergencial-comecara-no-dia-6-de-abril","status":"publish","type":"post","link":"https:\/\/www.oparanews.com.br\/index.php\/2021\/03\/31\/pagamento-do-auxilio-emergencial-comecara-no-dia-6-de-abril\/","title":{"rendered":"Pagamento do aux\u00edlio emergencial come\u00e7ar\u00e1 no dia 6 de abril"},"content":{"rendered":"<p>O ministro da Cidadania, Jo\u00e3o Roma, anunciou nesta quinta-feira, 31, que o pagamento da nova rodada do aux\u00edlio emergencial come\u00e7ar\u00e1 na pr\u00f3xima ter\u00e7a-feira, dia 6 de abril, primeiro com dep\u00f3sitos nas contas dos benefici\u00e1rios e depois com um cronograma de saques, como ocorreu no ano passado.<\/p>\n<p>&#8220;Esse \u00e9 um alento para o povo brasileiro. O pagamento, viabilizado pela PEC Emergencial com R$ 44 bilh\u00f5es que servir\u00e3o para quatro parcelas direcionadas para os brasileiros vulner\u00e1veis que est\u00e3o passando muita dificuldade. S\u00e3o recursos p\u00fablicos, para os quais temos que ter o maior zelo&#8221;, afirmou. &#8220;A preocupa\u00e7\u00e3o do presidente Jair Bolsonaro \u00e9 v\u00e1lida, precisamos estar perto da popula\u00e7\u00e3o que mais precisa. O aux\u00edlio emergencial \u00e9 ferramenta para minimizar o sofrimento para conseguir superar essa pandemia&#8221;, completou.<\/p>\n<p>O presidente da Caixa Econ\u00f4mica Federal, Pedro Guimar\u00e3es, explicou que a partir do dia 6 de abril o banco depositar\u00e1 o aux\u00edlio nas contas digitais para quem n\u00e3o \u00e9 benefici\u00e1rio do Bolsa Fam\u00edlia, como antecipou o Estad\u00e3o. O dep\u00f3sito para quem \u00e9 do Bolsa come\u00e7a no dia 16. &#8220;Teremos todo um calend\u00e1rio com todo o detalhamento, para minimizar aglomera\u00e7\u00f5es. Nossa expectativa \u00e9 de que pelo menos metade das pessoas j\u00e1 paguem suas contas digitalmente. Vamos minimizar as filas de saques&#8221;, acrescentou.<\/p>\n<p><strong>Regras<\/strong><\/p>\n<p>Na nova rodada do aux\u00edlio, apenas uma pessoa por fam\u00edlia poder\u00e1 receber o aux\u00edlio, que tem valores de R$ 150 para fam\u00edlias de uma s\u00f3 pessoa, R$ 250 para fam\u00edlias com mais de um integrante e R$ 375 para m\u00e3es que s\u00e3o as \u00fanicas provedoras do lar, pagos em quatro parcelas mensais.<\/p>\n<p>Apenas poder\u00e1 receber os valores quem j\u00e1 era benefici\u00e1rio do programa em dezembro de 2020. Em decreto editado na semana passada, o governo refor\u00e7ou a proibi\u00e7\u00e3o \u00e0 realiza\u00e7\u00e3o de novos pedidos do benef\u00edcio por quem estava empregado at\u00e9 julho de 2020, quando o cadastro foi encerrado, mas foi demitido depois disso, sem conseguir recoloca\u00e7\u00e3o.O governo estima que 45,6 milh\u00f5es de trabalhadores ser\u00e3o alcan\u00e7ados pela nova rodada. O aux\u00edlio beneficia trabalhadores informais, microempreendedores individuais e desempregados (que n\u00e3o estejam recebendo o seguro-desemprego) com renda familiar de at\u00e9 tr\u00eas sal\u00e1rios m\u00ednimos, ou de at\u00e9 meio sal\u00e1rio m\u00ednimo por pessoa. Os benefici\u00e1rios do Bolsa Fam\u00edlia s\u00f3 receber\u00e3o o aux\u00edlio caso ele seja mais vantajoso do que o valor pago no programa regular.<\/p>\n<p>&nbsp;<\/p>\n<p><strong>Fonte: Terra<\/strong><\/p>\n<p>&nbsp;<\/p>\n","protected":false},"excerpt":{"rendered":"<p>O ministro da Cidadania, Jo\u00e3o Roma, anunciou nesta quinta-feira, 31, que o pagamento da nova rodada do aux\u00edlio emergencial come\u00e7ar\u00e1 na pr\u00f3xima ter\u00e7a-feira, dia 6 de abril, primeiro com dep\u00f3sitos nas contas dos benefici\u00e1rios e depois com um cronograma de saques, como ocorreu no ano passado. &#8220;Esse \u00e9 um alento para o povo brasileiro. O &hellip;<\/p>\n","protected":false},"author":1,"featured_media":14299,"comment_status":"closed","ping_status":"closed","sticky":false,"template":"","format":"standard","meta":{"_jetpack_newsletter_access":"","_jetpack_dont_email_post_to_subs":false,"_jetpack_newsletter_tier_id":0,"_jetpack_memberships_contains_paywalled_content":false,"_jetpack_memberships_contains_paid_content":false,"footnotes":""},"categories":[1],"tags":[],"class_list":["post-14298","post","type-post","status-publish","format-standard","has-post-thumbnail","hentry","category-destaque"],"jetpack_sharing_enabled":true,"jetpack_featured_media_url":"","_links":{"self":[{"href":"https:\/\/www.oparanews.com.br\/index.php\/wp-json\/wp\/v2\/posts\/14298","targetHints":{"allow":["GET"]}}],"collection":[{"href":"https:\/\/www.oparanews.com.br\/index.php\/wp-json\/wp\/v2\/posts"}],"about":[{"href":"https:\/\/www.oparanews.com.br\/index.php\/wp-json\/wp\/v2\/types\/post"}],"author":[{"embeddable":true,"href":"https:\/\/www.oparanews.com.br\/index.php\/wp-json\/wp\/v2\/users\/1"}],"replies":[{"embeddable":true,"href":"https:\/\/www.oparanews.com.br\/index.php\/wp-json\/wp\/v2\/comments?post=14298"}],"version-history":[{"count":0,"href":"https:\/\/www.oparanews.com.br\/index.php\/wp-json\/wp\/v2\/posts\/14298\/revisions"}],"wp:attachment":[{"href":"https:\/\/www.oparanews.com.br\/index.php\/wp-json\/wp\/v2\/media?parent=14298"}],"wp:term":[{"taxonomy":"category","embeddable":true,"href":"https:\/\/www.oparanews.com.br\/index.php\/wp-json\/wp\/v2\/categories?post=14298"},{"taxonomy":"post_tag","embeddable":true,"href":"https:\/\/www.oparanews.com.br\/index.php\/wp-json\/wp\/v2\/tags?post=14298"}],"curies":[{"name":"wp","href":"https:\/\/api.w.org\/{rel}","templated":true}]}}