{"id":14301,"date":"2021-03-31T18:27:33","date_gmt":"2021-03-31T18:27:33","guid":{"rendered":"https:\/\/oparanews.com.br\/?p=14301"},"modified":"2021-03-31T18:27:33","modified_gmt":"2021-03-31T18:27:33","slug":"oms-ivermectina-nao-deve-ser-usada-para-covid","status":"publish","type":"post","link":"https:\/\/www.oparanews.com.br\/index.php\/2021\/03\/31\/oms-ivermectina-nao-deve-ser-usada-para-covid\/","title":{"rendered":"OMS: ivermectina n\u00e3o deve ser usada para Covid"},"content":{"rendered":"<p>A Organiza\u00e7\u00e3o Mundial da Sa\u00fade (OMS) recomendou que &#8220;n\u00e3o se utilize a ivermectina&#8221; para pacientes com Covid-19, exceto em ensaios cl\u00ednicos, de acordo com um comunicado divulgado nesta quarta-feira.<\/p>\n<p>A ivermectina \u00e9 um antiparasit\u00e1rio comumente usado e muito divulgado nas redes sociais, mas, de acordo com o grupo de especialistas da OMS, os dados de estudos cl\u00ednicos para medir sua efic\u00e1cia contra a Covid-19 n\u00e3o produziram resultados conclusivos.<\/p>\n<p>\u2014 Nossa recomenda\u00e7\u00e3o \u00e9 n\u00e3o usar ivermectina para pacientes com Covid-19, independentemente do n\u00edvel de gravidade ou dura\u00e7\u00e3o dos sintomas \u2014 disse Janet D\u00edaz, chefe da equipe de resposta cl\u00ednica \u00e0 Covid-19 da ag\u00eancia da ONU, em uma entrevista coletiva.<\/p>\n<p>Ele ressaltou que a \u00fanica exce\u00e7\u00e3o a esta recomenda\u00e7\u00e3o, com base no estado atual da pesquisa, \u00e9 para os ensaios cl\u00ednicos.<\/p>\n<p>No Brasil, um grupo de associa\u00e7\u00f5es m\u00e9dicas divulgou uma nota, na semana passada, defendendo que medicamentos sem efic\u00e1cia comprovada contra a Covid-19, como a ivermectina e a cloroquina, tenham sua utiliza\u00e7\u00e3o &#8220;banida&#8221;. Os rem\u00e9dios citados s\u00e3o defendidos pelo presidente Jair Bolsonaro.<\/p>\n<p>Segundo m\u00e9dicos do Hospital das Cl\u00ednicas da Universidade de S\u00e3o Paulo (USP) e do hospital da Universidade de Campinas (Unicamp), o uso indiscriminado de medicamentos do chamado \u201ckit Covid\u201d, como a ivermectina, levou ao menos quatro pacientes a desenvolverem graves de les\u00f5es no f\u00edgado, que demandam at\u00e9 necessidade de transplante.<\/p>\n<p>Os especialistas da OMS basearam suas conclus\u00f5es em um total de 16 ensaios cl\u00ednicos randomizados com 2.400 participantes. Alguns desses ensaios compararam a ivermectina com outras drogas.<\/p>\n<p>O n\u00famero de estudos comparando ivermectina com placebo &#8220;\u00e9 muito menor&#8221;, disse o Bram Rochwerg, pesquisador da Universidade McMaster no Canad\u00e1 e membro do painel da OMS que conduziu a avalia\u00e7\u00e3o.<\/p>\n<p>Tanto D\u00edaz quanto Rochwerg disseram que as recomenda\u00e7\u00f5es ser\u00e3o atualizadas \u00e0 medida que novas pesquisas confirmam ou expandem o estado atual de conhecimento.<\/p>\n<p>A recomenda\u00e7\u00e3o da OMS, a primeira sobre a ivermectina, junta-se \u00e0 da Ag\u00eancia Europeia de Medicamentos, que tamb\u00e9m n\u00e3o recomenda seu uso exceto em ensaios cl\u00ednicos. O regulador americano, a FDA, tamb\u00e9m explica em seu site porque a ivermectina n\u00e3o deve ser usada.<\/p>\n<p>&nbsp;<\/p>\n<p><strong>Fonte: O Globo<\/strong><\/p>\n<p>&nbsp;<\/p>\n","protected":false},"excerpt":{"rendered":"<p>A Organiza\u00e7\u00e3o Mundial da Sa\u00fade (OMS) recomendou que &#8220;n\u00e3o se utilize a ivermectina&#8221; para pacientes com Covid-19, exceto em ensaios cl\u00ednicos, de acordo com um comunicado divulgado nesta quarta-feira. A ivermectina \u00e9 um antiparasit\u00e1rio comumente usado e muito divulgado nas redes sociais, mas, de acordo com o grupo de especialistas da OMS, os dados de &hellip;<\/p>\n","protected":false},"author":1,"featured_media":14302,"comment_status":"closed","ping_status":"closed","sticky":false,"template":"","format":"standard","meta":{"_jetpack_newsletter_access":"","_jetpack_dont_email_post_to_subs":false,"_jetpack_newsletter_tier_id":0,"_jetpack_memberships_contains_paywalled_content":false,"_jetpack_memberships_contains_paid_content":false,"footnotes":""},"categories":[1],"tags":[],"class_list":["post-14301","post","type-post","status-publish","format-standard","has-post-thumbnail","hentry","category-destaque"],"jetpack_sharing_enabled":true,"jetpack_featured_media_url":"","_links":{"self":[{"href":"https:\/\/www.oparanews.com.br\/index.php\/wp-json\/wp\/v2\/posts\/14301","targetHints":{"allow":["GET"]}}],"collection":[{"href":"https:\/\/www.oparanews.com.br\/index.php\/wp-json\/wp\/v2\/posts"}],"about":[{"href":"https:\/\/www.oparanews.com.br\/index.php\/wp-json\/wp\/v2\/types\/post"}],"author":[{"embeddable":true,"href":"https:\/\/www.oparanews.com.br\/index.php\/wp-json\/wp\/v2\/users\/1"}],"replies":[{"embeddable":true,"href":"https:\/\/www.oparanews.com.br\/index.php\/wp-json\/wp\/v2\/comments?post=14301"}],"version-history":[{"count":0,"href":"https:\/\/www.oparanews.com.br\/index.php\/wp-json\/wp\/v2\/posts\/14301\/revisions"}],"wp:attachment":[{"href":"https:\/\/www.oparanews.com.br\/index.php\/wp-json\/wp\/v2\/media?parent=14301"}],"wp:term":[{"taxonomy":"category","embeddable":true,"href":"https:\/\/www.oparanews.com.br\/index.php\/wp-json\/wp\/v2\/categories?post=14301"},{"taxonomy":"post_tag","embeddable":true,"href":"https:\/\/www.oparanews.com.br\/index.php\/wp-json\/wp\/v2\/tags?post=14301"}],"curies":[{"name":"wp","href":"https:\/\/api.w.org\/{rel}","templated":true}]}}