{"id":14304,"date":"2021-03-31T18:47:10","date_gmt":"2021-03-31T18:47:10","guid":{"rendered":"https:\/\/oparanews.com.br\/?p=14304"},"modified":"2021-03-31T18:47:10","modified_gmt":"2021-03-31T18:47:10","slug":"tonico-pereira-diz-que-e-viciado-em-sexo","status":"publish","type":"post","link":"https:\/\/www.oparanews.com.br\/index.php\/2021\/03\/31\/tonico-pereira-diz-que-e-viciado-em-sexo\/","title":{"rendered":"Tonico Pereira diz que \u00e9 viciado em sexo"},"content":{"rendered":"<p>O ator Tonico Pereira contou que \u00e9 viciado em sexo. Aos 72 anos, ele n\u00e3o v\u00ea problema em realizar o ato excessivamente. Em conversa ao jornal O Globo, Tonico disse: &#8220;Gosto muito. Talvez o sexo seja um dos meus v\u00edcios mais fortes. Para mim, n\u00e3o \u00e9 doen\u00e7a, \u00e9 saud\u00e1vel&#8221;.<\/p>\n<p>Ele tamb\u00e9m falou da sa\u00fade e sobre a participa\u00e7\u00e3o na novela &#8216;Um Lugar ao Sol&#8217;, da Globo. Ele j\u00e1 chegou a ser cortado da novela &#8216;A Dona do Peda\u00e7o&#8217; em 2019 por causa de uma trombose, mas garante que est\u00e1 tudo bem.<\/p>\n<p>O ator se vacinou contra a Covid-19 no s\u00e1bado (27), mas n\u00e3o comemorou. Ele lamenta que o restante da popula\u00e7\u00e3o n\u00e3o tenha acesso \u00e0 vacina de maneira r\u00e1pida e efetiva. &#8220;Prefiro eu morrer do que as pessoas ao meu lado, porque n\u00e3o tenho mais l\u00e1grimas&#8221;, disse.<\/p>\n<p>Tonico disse que n\u00e3o parou de fumar mesmo passando por uma pneumonia e outros problemas de pulm\u00e3o. Ele descreveu os problemas, sem saber &#8220;como superou tudo&#8221;.<\/p>\n<p>&nbsp;<\/p>\n<p><strong>Fonte: IG<\/strong><\/p>\n<p>&nbsp;<\/p>\n","protected":false},"excerpt":{"rendered":"<p>O ator Tonico Pereira contou que \u00e9 viciado em sexo. Aos 72 anos, ele n\u00e3o v\u00ea problema em realizar o ato excessivamente. Em conversa ao jornal O Globo, Tonico disse: &#8220;Gosto muito. Talvez o sexo seja um dos meus v\u00edcios mais fortes. Para mim, n\u00e3o \u00e9 doen\u00e7a, \u00e9 saud\u00e1vel&#8221;. Ele tamb\u00e9m falou da sa\u00fade e &hellip;<\/p>\n","protected":false},"author":1,"featured_media":14305,"comment_status":"closed","ping_status":"closed","sticky":false,"template":"","format":"standard","meta":{"_jetpack_newsletter_access":"","_jetpack_dont_email_post_to_subs":false,"_jetpack_newsletter_tier_id":0,"_jetpack_memberships_contains_paywalled_content":false,"_jetpack_memberships_contains_paid_content":false,"footnotes":""},"categories":[1],"tags":[],"class_list":["post-14304","post","type-post","status-publish","format-standard","has-post-thumbnail","hentry","category-destaque"],"jetpack_sharing_enabled":true,"jetpack_featured_media_url":"","_links":{"self":[{"href":"https:\/\/www.oparanews.com.br\/index.php\/wp-json\/wp\/v2\/posts\/14304","targetHints":{"allow":["GET"]}}],"collection":[{"href":"https:\/\/www.oparanews.com.br\/index.php\/wp-json\/wp\/v2\/posts"}],"about":[{"href":"https:\/\/www.oparanews.com.br\/index.php\/wp-json\/wp\/v2\/types\/post"}],"author":[{"embeddable":true,"href":"https:\/\/www.oparanews.com.br\/index.php\/wp-json\/wp\/v2\/users\/1"}],"replies":[{"embeddable":true,"href":"https:\/\/www.oparanews.com.br\/index.php\/wp-json\/wp\/v2\/comments?post=14304"}],"version-history":[{"count":0,"href":"https:\/\/www.oparanews.com.br\/index.php\/wp-json\/wp\/v2\/posts\/14304\/revisions"}],"wp:attachment":[{"href":"https:\/\/www.oparanews.com.br\/index.php\/wp-json\/wp\/v2\/media?parent=14304"}],"wp:term":[{"taxonomy":"category","embeddable":true,"href":"https:\/\/www.oparanews.com.br\/index.php\/wp-json\/wp\/v2\/categories?post=14304"},{"taxonomy":"post_tag","embeddable":true,"href":"https:\/\/www.oparanews.com.br\/index.php\/wp-json\/wp\/v2\/tags?post=14304"}],"curies":[{"name":"wp","href":"https:\/\/api.w.org\/{rel}","templated":true}]}}