{"id":14319,"date":"2021-04-01T19:43:05","date_gmt":"2021-04-01T19:43:05","guid":{"rendered":"https:\/\/oparanews.com.br\/?p=14319"},"modified":"2021-04-01T19:43:05","modified_gmt":"2021-04-01T19:43:05","slug":"alagoas-confirma-709-casos-e-22-mortes-por-covid-19","status":"publish","type":"post","link":"https:\/\/www.oparanews.com.br\/index.php\/2021\/04\/01\/alagoas-confirma-709-casos-e-22-mortes-por-covid-19\/","title":{"rendered":"Alagoas confirma 709 casos e 22 mortes por Covid-19"},"content":{"rendered":"<p>Alagoas registrou 709 casos e 22 mortes por Covid-19 nas \u00faltimas 24 horas. Os dados s\u00e3o do boletim epidemiol\u00f3gico da Secretaria de Estado da Sa\u00fade (Sesau) desta quinta-feira (1).<\/p>\n<p>Com esses novos dados, o estado passou a ter 154.199 casos e 3.576 \u00f3bitos de pessoas infectadas pelo novo coronav\u00edrus.<\/p>\n<p>Do total de casos confirmados desde o in\u00edcio da pandemia, 146.077 pacientes se recuperaram e 3.706 est\u00e3o em tratamento, em isolamento domiciliar.<\/p>\n<p>O n\u00famero acumulado de casos suspeitos chegou a 8.594.<\/p>\n<p>A taxa de ocupa\u00e7\u00e3o dos leitos de UTI no estado \u00e9 de 87%. Na capital, a ocupa\u00e7\u00e3o de UTI \u00e9 de 90%.<\/p>\n<p><strong>Mais 22 mortes por Covid-19<\/strong><\/p>\n<p>Macei\u00f3: Homem, 62 anos \u2013 depress\u00e3o<br \/>\nMacei\u00f3: Homem, 75 anos \u2013 hipertenso e diab\u00e9tico<br \/>\nMacei\u00f3: Homem, 77 anos \u2013 hipertenso e artrite reumatoide<br \/>\nMacei\u00f3: Homem, 79 anos \u2013 sequelas de um Acidente Vascular Encef\u00e1lico (AVE<br \/>\nMacei\u00f3: Homem, 83 anos \u2013 sem comorbidades<br \/>\nMacei\u00f3: Mulher, 29 anos \u2013 sem comorbidades<br \/>\nMacei\u00f3: Mulher, 54 anos \u2013 hipertensa<br \/>\nMacei\u00f3: Mulher, 57 anos \u2013 doen\u00e7a card\u00edaca cr\u00f4nica e diabetes<br \/>\nMacei\u00f3: Mulher, 72 anos \u2013 hipertensa, doen\u00e7a respirat\u00f3ria cr\u00f4nica e diabetes<br \/>\nMacei\u00f3: Mulher, 78 anos \u2013 hipertensa e c\u00e2ncer de pele<br \/>\nMacei\u00f3: Mulher, 81 anos \u2013 doen\u00e7a cardiovascular &#8211; morreu em casa<br \/>\nMacei\u00f3: Mulher, 84 anos \u2013 hipertensa, diab\u00e9tica e Doen\u00e7a Pulmonar Obstrutiva Cr\u00f4nica (DPOC)<br \/>\nMacei\u00f3: Mulher, 88 anos \u2013 sem comorbidades<br \/>\nRio Largo: Homem, 67 anos \u2013 sem comorbidades<br \/>\nSatuba: Homem, 75 anos \u2013 sem comorbidades<br \/>\nOliven\u00e7a: Homem, 107 anos \u2013 sem comorbidades<br \/>\nOliven\u00e7a: Mulher, 40 anos \u2013 diab\u00e9tica<br \/>\nRio Largo: Mulher, 44 anos \u2013 sem comorbidades<br \/>\nArapiraca: Mulher, 49 anos \u2013 hipertensa<br \/>\nArapiraca: Mulher, 57 anos \u2013 diab\u00e9tica, hipertensa e asm\u00e1tica<br \/>\nVi\u00e7osa: Mulher, 71 anos \u2013 sem comorbidades<br \/>\nArapiraca: Mulher, 86 anos \u2013 hipertensa e diab\u00e9tica<\/p>\n<p>&nbsp;<\/p>\n<p><strong>Fonte: G1\/AL<\/strong><\/p>\n<p>&nbsp;<\/p>\n","protected":false},"excerpt":{"rendered":"<p>Alagoas registrou 709 casos e 22 mortes por Covid-19 nas \u00faltimas 24 horas. Os dados s\u00e3o do boletim epidemiol\u00f3gico da Secretaria de Estado da Sa\u00fade (Sesau) desta quinta-feira (1). Com esses novos dados, o estado passou a ter 154.199 casos e 3.576 \u00f3bitos de pessoas infectadas pelo novo coronav\u00edrus. Do total de casos confirmados desde &hellip;<\/p>\n","protected":false},"author":1,"featured_media":5161,"comment_status":"closed","ping_status":"closed","sticky":false,"template":"","format":"standard","meta":{"_jetpack_newsletter_access":"","_jetpack_dont_email_post_to_subs":false,"_jetpack_newsletter_tier_id":0,"_jetpack_memberships_contains_paywalled_content":false,"_jetpack_memberships_contains_paid_content":false,"footnotes":""},"categories":[1],"tags":[],"class_list":["post-14319","post","type-post","status-publish","format-standard","has-post-thumbnail","hentry","category-destaque"],"jetpack_sharing_enabled":true,"jetpack_featured_media_url":"","_links":{"self":[{"href":"https:\/\/www.oparanews.com.br\/index.php\/wp-json\/wp\/v2\/posts\/14319","targetHints":{"allow":["GET"]}}],"collection":[{"href":"https:\/\/www.oparanews.com.br\/index.php\/wp-json\/wp\/v2\/posts"}],"about":[{"href":"https:\/\/www.oparanews.com.br\/index.php\/wp-json\/wp\/v2\/types\/post"}],"author":[{"embeddable":true,"href":"https:\/\/www.oparanews.com.br\/index.php\/wp-json\/wp\/v2\/users\/1"}],"replies":[{"embeddable":true,"href":"https:\/\/www.oparanews.com.br\/index.php\/wp-json\/wp\/v2\/comments?post=14319"}],"version-history":[{"count":0,"href":"https:\/\/www.oparanews.com.br\/index.php\/wp-json\/wp\/v2\/posts\/14319\/revisions"}],"wp:attachment":[{"href":"https:\/\/www.oparanews.com.br\/index.php\/wp-json\/wp\/v2\/media?parent=14319"}],"wp:term":[{"taxonomy":"category","embeddable":true,"href":"https:\/\/www.oparanews.com.br\/index.php\/wp-json\/wp\/v2\/categories?post=14319"},{"taxonomy":"post_tag","embeddable":true,"href":"https:\/\/www.oparanews.com.br\/index.php\/wp-json\/wp\/v2\/tags?post=14319"}],"curies":[{"name":"wp","href":"https:\/\/api.w.org\/{rel}","templated":true}]}}