{"id":14321,"date":"2021-04-01T23:29:38","date_gmt":"2021-04-01T23:29:38","guid":{"rendered":"https:\/\/oparanews.com.br\/?p=14321"},"modified":"2021-04-01T23:29:38","modified_gmt":"2021-04-01T23:29:38","slug":"idosos-com-61-anos-serao-vacinados-em-penedo-a-partir-do-domingo-de-pascoa","status":"publish","type":"post","link":"https:\/\/www.oparanews.com.br\/index.php\/2021\/04\/01\/idosos-com-61-anos-serao-vacinados-em-penedo-a-partir-do-domingo-de-pascoa\/","title":{"rendered":"Idosos com 61 anos ser\u00e3o vacinados em Penedo a partir do Domingo de P\u00e1scoa"},"content":{"rendered":"<p>Idosos residentes em Penedo com 63, 62 ou 61 anos e profissionais de sa\u00fade aut\u00f4nomos com 35 anos ou mais preparem-se para ir at\u00e9 a Central de Vacina\u00e7\u00e3o Contra a Covid-19, setor de portas abertas, a partir das 8h, no S\u00e1bado de Aleluia e no Domingo de P\u00e1scoa.<\/p>\n<p>Nas datas representativas da Paix\u00e3o de Cristo, as novas faixas et\u00e1rias dos grupos priorit\u00e1rios ser\u00e3o inclu\u00eddas no combate ao coronav\u00edrus desenvolvido pela Prefeitura de Penedo, por meio da Secretaria Municipal de Sa\u00fade (SEMS), em parceria com os governos estadual e federal.<\/p>\n<p>A partir do pr\u00f3ximo s\u00e1bado, 03 de abril, quem tem 62 anos ou mais j\u00e1 pode se dirigir \u00e0 Central de Vacina\u00e7\u00e3o, munido de documento oficial com foto e Cart\u00e3o SUS.<\/p>\n<p>Para quem j\u00e1 completou 61 anos, a primeira dose do imunizante ser\u00e1 aplicada no dia seguinte, Domingo de P\u00e1scoa. Na segunda-feira, 05, chega a vez dos profissionais de sa\u00fade aut\u00f4nomos com idade acima de 35 anos, pessoal que precisa apresentar documento oficial com foto e comprovar v\u00ednculo de trabalho.<\/p>\n<p>Entre todos os munic\u00edpios com mais de 50 mil habitantes de Alagoas, Penedo \u00e9 o que tem o melhor desempenho no aproveitamento da vacina contra Covid-19.<\/p>\n<p>Na pr\u00e1tica, a SEMS Penedo tem feito uso exemplar dos lotes recebidos, com percentual irris\u00f3rio de perda de doses.<\/p>\n<p>Do in\u00edcio da campanha de vacina\u00e7\u00e3o contra Covid at\u00e9 hoje (sexta-feira, 02 de abril), 7.638 doses foram aplicadas, n\u00famero que considera a primeira e a segunda dose.<\/p>\n<p>O avan\u00e7o para novas faixas et\u00e1rias na campanha em Penedo tamb\u00e9m foi anunciado pelo Prefeito Ronaldo Lopes.<\/p>\n<p>\u201cA imuniza\u00e7\u00e3o do nosso povo \u00e9 prioridade por aqui! Por isso, ampliamos a vacina\u00e7\u00e3o para mais grupos\u201d, descreve o gestor penedense j\u00e1 vacinado com a primeira dose do imunizante.<\/p>\n<p><strong>Segunda dose<\/strong><\/p>\n<p>A Secretaria de Sa\u00fade de Penedo alerta \u00e0s pessoas que j\u00e1 receberam a primeira dose da vacina para a data de receber a segunda aplica\u00e7\u00e3o, prazo que varia, sendo no intervalo de 21 dias para Coronavac e de 90 dias para AstraZeneca.<\/p>\n<p>A data para o retorno da pessoa vacinada est\u00e1 agendada no cart\u00e3o que ela recebe ap\u00f3s receber a primeira dose.<\/p>\n<p>Quem perdeu o prazo, deve entrar em contato pelo SOS Covid (82 9 9399-8360\/exclusivo para Whatsapp) para remarcar a data.<\/p>\n<p>&nbsp;<\/p>\n<p><strong>por Fernando Vin\u00edcius \u2013 Decom PMP<\/strong><\/p>\n<p>&nbsp;<\/p>\n","protected":false},"excerpt":{"rendered":"<p>Idosos residentes em Penedo com 63, 62 ou 61 anos e profissionais de sa\u00fade aut\u00f4nomos com 35 anos ou mais preparem-se para ir at\u00e9 a Central de Vacina\u00e7\u00e3o Contra a Covid-19, setor de portas abertas, a partir das 8h, no S\u00e1bado de Aleluia e no Domingo de P\u00e1scoa. Nas datas representativas da Paix\u00e3o de Cristo, &hellip;<\/p>\n","protected":false},"author":1,"featured_media":14322,"comment_status":"closed","ping_status":"closed","sticky":false,"template":"","format":"standard","meta":{"_jetpack_newsletter_access":"","_jetpack_dont_email_post_to_subs":false,"_jetpack_newsletter_tier_id":0,"_jetpack_memberships_contains_paywalled_content":false,"_jetpack_memberships_contains_paid_content":false,"footnotes":""},"categories":[1],"tags":[],"class_list":["post-14321","post","type-post","status-publish","format-standard","has-post-thumbnail","hentry","category-destaque"],"jetpack_sharing_enabled":true,"jetpack_featured_media_url":"","_links":{"self":[{"href":"https:\/\/www.oparanews.com.br\/index.php\/wp-json\/wp\/v2\/posts\/14321","targetHints":{"allow":["GET"]}}],"collection":[{"href":"https:\/\/www.oparanews.com.br\/index.php\/wp-json\/wp\/v2\/posts"}],"about":[{"href":"https:\/\/www.oparanews.com.br\/index.php\/wp-json\/wp\/v2\/types\/post"}],"author":[{"embeddable":true,"href":"https:\/\/www.oparanews.com.br\/index.php\/wp-json\/wp\/v2\/users\/1"}],"replies":[{"embeddable":true,"href":"https:\/\/www.oparanews.com.br\/index.php\/wp-json\/wp\/v2\/comments?post=14321"}],"version-history":[{"count":0,"href":"https:\/\/www.oparanews.com.br\/index.php\/wp-json\/wp\/v2\/posts\/14321\/revisions"}],"wp:attachment":[{"href":"https:\/\/www.oparanews.com.br\/index.php\/wp-json\/wp\/v2\/media?parent=14321"}],"wp:term":[{"taxonomy":"category","embeddable":true,"href":"https:\/\/www.oparanews.com.br\/index.php\/wp-json\/wp\/v2\/categories?post=14321"},{"taxonomy":"post_tag","embeddable":true,"href":"https:\/\/www.oparanews.com.br\/index.php\/wp-json\/wp\/v2\/tags?post=14321"}],"curies":[{"name":"wp","href":"https:\/\/api.w.org\/{rel}","templated":true}]}}