{"id":14324,"date":"2021-04-01T23:32:25","date_gmt":"2021-04-01T23:32:25","guid":{"rendered":"https:\/\/oparanews.com.br\/?p=14324"},"modified":"2021-04-01T23:32:25","modified_gmt":"2021-04-01T23:32:25","slug":"renan-filho-anuncia-vacinacao-dos-profissionais-de-seguranca-publica-de-alagoas","status":"publish","type":"post","link":"https:\/\/www.oparanews.com.br\/index.php\/2021\/04\/01\/renan-filho-anuncia-vacinacao-dos-profissionais-de-seguranca-publica-de-alagoas\/","title":{"rendered":"Renan Filho anuncia vacina\u00e7\u00e3o dos profissionais de Seguran\u00e7a P\u00fablica de Alagoas"},"content":{"rendered":"<p>O Governador Renan Filho (MDB) anunciou, nesta quinta-feira (1), que o estado vai come\u00e7ar a vacinar os servidores da Seguran\u00e7a P\u00fablica a partir do in\u00edcio da pr\u00f3xima semana. Os primeiros a serem vacinados ser\u00e3o os profissionais a partir de 45 anos.<\/p>\n<p>&#8220;A partir da semana que vem n\u00f3s vamos iniciar a vacina\u00e7\u00e3o dessas pessoas que est\u00e3o na rua, no dia-a-dia, garantindo a ordem e a paz no nosso estado&#8221;, disse o governador.<\/p>\n<p>No v\u00eddeo postado nas redes sociais, Renan Filho informou que os secret\u00e1rios de Seguran\u00e7a, Alfredo Gaspar, e da Sa\u00fade, Alexandre Ayres, devem se reunir durante o feriado da Semana Santa para organizar a log\u00edstica da imuniza\u00e7\u00e3o.<\/p>\n<p>O governador disse ainda que o estado se prepara para iniciar a vacina\u00e7\u00e3o dos profissionais da educa\u00e7\u00e3o em breve.<\/p>\n<p>Nesta quinta-feira, Alagoas confirmou 709 casos e 22 mortes por Covid-19. Desde o in\u00edcio da pandemia o estado contabilizou 154.199 casos da doen\u00e7a e 3.576 \u00f3bitos de pessoas infectadas pelo novo coronav\u00edrus.<\/p>\n<p>&nbsp;<\/p>\n<p><strong>Fonte: G1\/AL<\/strong><\/p>\n<p>&nbsp;<\/p>\n","protected":false},"excerpt":{"rendered":"<p>O Governador Renan Filho (MDB) anunciou, nesta quinta-feira (1), que o estado vai come\u00e7ar a vacinar os servidores da Seguran\u00e7a P\u00fablica a partir do in\u00edcio da pr\u00f3xima semana. Os primeiros a serem vacinados ser\u00e3o os profissionais a partir de 45 anos. &#8220;A partir da semana que vem n\u00f3s vamos iniciar a vacina\u00e7\u00e3o dessas pessoas que &hellip;<\/p>\n","protected":false},"author":1,"featured_media":14325,"comment_status":"closed","ping_status":"closed","sticky":false,"template":"","format":"standard","meta":{"_jetpack_newsletter_access":"","_jetpack_dont_email_post_to_subs":false,"_jetpack_newsletter_tier_id":0,"_jetpack_memberships_contains_paywalled_content":false,"_jetpack_memberships_contains_paid_content":false,"footnotes":""},"categories":[1],"tags":[],"class_list":["post-14324","post","type-post","status-publish","format-standard","has-post-thumbnail","hentry","category-destaque"],"jetpack_sharing_enabled":true,"jetpack_featured_media_url":"","_links":{"self":[{"href":"https:\/\/www.oparanews.com.br\/index.php\/wp-json\/wp\/v2\/posts\/14324","targetHints":{"allow":["GET"]}}],"collection":[{"href":"https:\/\/www.oparanews.com.br\/index.php\/wp-json\/wp\/v2\/posts"}],"about":[{"href":"https:\/\/www.oparanews.com.br\/index.php\/wp-json\/wp\/v2\/types\/post"}],"author":[{"embeddable":true,"href":"https:\/\/www.oparanews.com.br\/index.php\/wp-json\/wp\/v2\/users\/1"}],"replies":[{"embeddable":true,"href":"https:\/\/www.oparanews.com.br\/index.php\/wp-json\/wp\/v2\/comments?post=14324"}],"version-history":[{"count":0,"href":"https:\/\/www.oparanews.com.br\/index.php\/wp-json\/wp\/v2\/posts\/14324\/revisions"}],"wp:attachment":[{"href":"https:\/\/www.oparanews.com.br\/index.php\/wp-json\/wp\/v2\/media?parent=14324"}],"wp:term":[{"taxonomy":"category","embeddable":true,"href":"https:\/\/www.oparanews.com.br\/index.php\/wp-json\/wp\/v2\/categories?post=14324"},{"taxonomy":"post_tag","embeddable":true,"href":"https:\/\/www.oparanews.com.br\/index.php\/wp-json\/wp\/v2\/tags?post=14324"}],"curies":[{"name":"wp","href":"https:\/\/api.w.org\/{rel}","templated":true}]}}