{"id":14327,"date":"2021-04-02T00:05:13","date_gmt":"2021-04-02T00:05:13","guid":{"rendered":"https:\/\/oparanews.com.br\/?p=14327"},"modified":"2021-04-02T00:05:13","modified_gmt":"2021-04-02T00:05:13","slug":"david-braz-e-liberado-e-encaminha-acerto-com-flu","status":"publish","type":"post","link":"https:\/\/www.oparanews.com.br\/index.php\/2021\/04\/02\/david-braz-e-liberado-e-encaminha-acerto-com-flu\/","title":{"rendered":"David Braz \u00e9 liberado e encaminha acerto com Flu"},"content":{"rendered":"<p>Na noite desta quinta-feira, o Fluminense encaminhou acerto com o zagueiro David Braz, do Gr\u00eamio. O jogador, ali\u00e1s, j\u00e1 foi liberado pelo Tricolor Ga\u00facho e viajar\u00e1 ao Rio de Janeiro para fazer exames. A tend\u00eancia \u00e9 de que ele assine contrato at\u00e9 2022. A not\u00edcia foi dada inicialmente pelo UOL e, posteriormente, confirmada pela reportagem do LANCE!.<\/p>\n<p>Com Luccas Claro, Nino, Matheus Ferraz e Frazan no elenco, o Fluminense busca no mercado outro zagueiro. Este precisaria ter como caracter\u00edstica ser mais construtor, como \u00e9 Nino. O Flu chegou a ficar otimista para ter David Duarte, do Goi\u00e1s, mas a dificuldade para libera\u00e7\u00e3o pesou. Vale lembrar que o clube est\u00e1 aumentando o investimento em sal\u00e1rios, mas, mesmo assim, n\u00e3o tem condi\u00e7\u00f5es financeiras de realizar compras de atletas.<\/p>\n<p>Aos 33 anos, David Braz soma 66 partidas com a camisa do clube ga\u00facho, onde chegou em 2019. Ele marcou sete gols nesse per\u00edodo. Antes disso, teve passagens por Sivasspor (TUR), Santos, Vit\u00f3ria, Flamengo, Parathinaikos (GRE) e Palmeiras, onde se formou.<\/p>\n<p>&nbsp;<\/p>\n<p><strong>Fonte: Terra<\/strong><\/p>\n<p>&nbsp;<\/p>\n","protected":false},"excerpt":{"rendered":"<p>Na noite desta quinta-feira, o Fluminense encaminhou acerto com o zagueiro David Braz, do Gr\u00eamio. O jogador, ali\u00e1s, j\u00e1 foi liberado pelo Tricolor Ga\u00facho e viajar\u00e1 ao Rio de Janeiro para fazer exames. A tend\u00eancia \u00e9 de que ele assine contrato at\u00e9 2022. A not\u00edcia foi dada inicialmente pelo UOL e, posteriormente, confirmada pela reportagem &hellip;<\/p>\n","protected":false},"author":1,"featured_media":14328,"comment_status":"closed","ping_status":"closed","sticky":false,"template":"","format":"standard","meta":{"_jetpack_newsletter_access":"","_jetpack_dont_email_post_to_subs":false,"_jetpack_newsletter_tier_id":0,"_jetpack_memberships_contains_paywalled_content":false,"_jetpack_memberships_contains_paid_content":false,"footnotes":""},"categories":[1],"tags":[],"class_list":["post-14327","post","type-post","status-publish","format-standard","has-post-thumbnail","hentry","category-destaque"],"jetpack_sharing_enabled":true,"jetpack_featured_media_url":"","_links":{"self":[{"href":"https:\/\/www.oparanews.com.br\/index.php\/wp-json\/wp\/v2\/posts\/14327","targetHints":{"allow":["GET"]}}],"collection":[{"href":"https:\/\/www.oparanews.com.br\/index.php\/wp-json\/wp\/v2\/posts"}],"about":[{"href":"https:\/\/www.oparanews.com.br\/index.php\/wp-json\/wp\/v2\/types\/post"}],"author":[{"embeddable":true,"href":"https:\/\/www.oparanews.com.br\/index.php\/wp-json\/wp\/v2\/users\/1"}],"replies":[{"embeddable":true,"href":"https:\/\/www.oparanews.com.br\/index.php\/wp-json\/wp\/v2\/comments?post=14327"}],"version-history":[{"count":0,"href":"https:\/\/www.oparanews.com.br\/index.php\/wp-json\/wp\/v2\/posts\/14327\/revisions"}],"wp:attachment":[{"href":"https:\/\/www.oparanews.com.br\/index.php\/wp-json\/wp\/v2\/media?parent=14327"}],"wp:term":[{"taxonomy":"category","embeddable":true,"href":"https:\/\/www.oparanews.com.br\/index.php\/wp-json\/wp\/v2\/categories?post=14327"},{"taxonomy":"post_tag","embeddable":true,"href":"https:\/\/www.oparanews.com.br\/index.php\/wp-json\/wp\/v2\/tags?post=14327"}],"curies":[{"name":"wp","href":"https:\/\/api.w.org\/{rel}","templated":true}]}}