{"id":14330,"date":"2021-04-02T00:16:34","date_gmt":"2021-04-02T00:16:34","guid":{"rendered":"https:\/\/oparanews.com.br\/?p=14330"},"modified":"2021-04-02T00:16:34","modified_gmt":"2021-04-02T00:16:34","slug":"ceo-e-coruripe-regularizam-reforcos-para-o-alagoano","status":"publish","type":"post","link":"https:\/\/www.oparanews.com.br\/index.php\/2021\/04\/02\/ceo-e-coruripe-regularizam-reforcos-para-o-alagoano\/","title":{"rendered":"CEO e Coruripe regularizam refor\u00e7os para o Alagoano"},"content":{"rendered":"<p>Com o final de semana sem partidas pelo Campeonato Alagoano 2021, CEO e Coruripe refor\u00e7aram o seu elenco para a metade final da competi\u00e7\u00e3o ao longo da semana. Na segunda-feira (29), o CEO regularizou o meia de 24 anos Igor Ara\u00fajo. Do lado do Hulk, o nome de Jo\u00e3o Pedro Peclat foi publicado no Boletim Informativo Di\u00e1rio da CBF nesta quarta (31).<\/p>\n<p>Os refor\u00e7os chegam para auxiliar na parte final do estadual. Para o CEO, a situa\u00e7\u00e3o \u00e9 bem delicada, pois o time ocupa a lanterna do Campeonato Alagoano com apenas 1 ponto, e passou por uma grande reformula\u00e7\u00e3o recentemente. Igor Ara\u00fajo \u00e9 meia e tem passagens por Alvarenga de Portugal e Tabo\u00e3o da Serra-SP.<\/p>\n<p>O novo nome do Coruripe \u00e9 Jo\u00e3o Pedro Peclat, de 20 anos, o jovem atleta tem passagem apenas pela base da Linense-SP e vai para seu primeiro clube profissional. Jo\u00e3o se une aos companheiros que lutam pela perman\u00eancia na primeira divis\u00e3o. Hoje o Coruripe ocupa a 7\u00aa posi\u00e7\u00e3o, com 4 pontos ganhos, inclusive, vem de vit\u00f3ria sobre o pr\u00f3prio CEO.<\/p>\n<p>Com tempo para treinar, CEO e Coruripe s\u00f3 entrar\u00e3o em campo na semana que vem. A Alviverde joga ter\u00e7a-feira (6), contra o CSA, no Est\u00e1dio Rei Pel\u00e9, buscando se afastar ainda mais da zona do rebaixamento. J\u00e1 a Estrela do Sert\u00e3o joga somente na quarta-feira (7), dentro de casa, contra o CRB, no confronto entre o lanterna e o l\u00edder do Alagoano.<\/p>\n<p>&nbsp;<\/p>\n<p><strong>Fonte: Gazetaweb<\/strong><\/p>\n<p>&nbsp;<\/p>\n","protected":false},"excerpt":{"rendered":"<p>Com o final de semana sem partidas pelo Campeonato Alagoano 2021, CEO e Coruripe refor\u00e7aram o seu elenco para a metade final da competi\u00e7\u00e3o ao longo da semana. Na segunda-feira (29), o CEO regularizou o meia de 24 anos Igor Ara\u00fajo. Do lado do Hulk, o nome de Jo\u00e3o Pedro Peclat foi publicado no Boletim &hellip;<\/p>\n","protected":false},"author":1,"featured_media":14331,"comment_status":"closed","ping_status":"closed","sticky":false,"template":"","format":"standard","meta":{"_jetpack_newsletter_access":"","_jetpack_dont_email_post_to_subs":false,"_jetpack_newsletter_tier_id":0,"_jetpack_memberships_contains_paywalled_content":false,"_jetpack_memberships_contains_paid_content":false,"footnotes":""},"categories":[1],"tags":[],"class_list":["post-14330","post","type-post","status-publish","format-standard","has-post-thumbnail","hentry","category-destaque"],"jetpack_sharing_enabled":true,"jetpack_featured_media_url":"","_links":{"self":[{"href":"https:\/\/www.oparanews.com.br\/index.php\/wp-json\/wp\/v2\/posts\/14330","targetHints":{"allow":["GET"]}}],"collection":[{"href":"https:\/\/www.oparanews.com.br\/index.php\/wp-json\/wp\/v2\/posts"}],"about":[{"href":"https:\/\/www.oparanews.com.br\/index.php\/wp-json\/wp\/v2\/types\/post"}],"author":[{"embeddable":true,"href":"https:\/\/www.oparanews.com.br\/index.php\/wp-json\/wp\/v2\/users\/1"}],"replies":[{"embeddable":true,"href":"https:\/\/www.oparanews.com.br\/index.php\/wp-json\/wp\/v2\/comments?post=14330"}],"version-history":[{"count":0,"href":"https:\/\/www.oparanews.com.br\/index.php\/wp-json\/wp\/v2\/posts\/14330\/revisions"}],"wp:attachment":[{"href":"https:\/\/www.oparanews.com.br\/index.php\/wp-json\/wp\/v2\/media?parent=14330"}],"wp:term":[{"taxonomy":"category","embeddable":true,"href":"https:\/\/www.oparanews.com.br\/index.php\/wp-json\/wp\/v2\/categories?post=14330"},{"taxonomy":"post_tag","embeddable":true,"href":"https:\/\/www.oparanews.com.br\/index.php\/wp-json\/wp\/v2\/tags?post=14330"}],"curies":[{"name":"wp","href":"https:\/\/api.w.org\/{rel}","templated":true}]}}